{"id":421,"date":"2015-01-21T17:49:06","date_gmt":"2015-01-21T17:49:06","guid":{"rendered":"http:\/\/turkseunie.be\/official\/?p=421"},"modified":"2015-01-21T17:49:06","modified_gmt":"2015-01-21T17:49:06","slug":"belcika-turk-dernekleri-birligi","status":"publish","type":"post","link":"https:\/\/www.turkseunie.be\/official\/kurulusu\/belcika-turk-dernekleri-birligi\/","title":{"rendered":"Bel\u00e7ika T\u00fcrk Dernekleri Birli\u011fi"},"content":{"rendered":"<p><strong>Bel&ccedil;ika T&uuml;rk Dernekleri Birli\u011fi<\/strong> bir ihtiyac\u0131n  neticesinde ortaya &ccedil;\u0131km\u0131\u015ft\u0131r.&nbsp; Avrupa&acute;daki insanlar\u0131m\u0131z; art\u0131k burada  kal\u0131c\u0131 olmu\u015flard\u0131r. Buran\u0131n \u015fartlar\u0131na g&ouml;re yeniden te\u015fkilatlanmalar\u0131  gerekmektedir. Ufak tefek fikri ayr\u0131l\u0131klar\u0131 bir kenara b\u0131rakarak, &ouml;nemli  ortak paydalarda birle\u015fip g&uuml;&ccedil;birli\u011fi yapmak mecburiyetindedir. \u0130\u015fte bu  birlik ve beraberli\u011fi sa\u011flamak i&ccedil;in ortaya &ccedil;\u0131kan BTDB k\u0131sa zamanda  &ouml;nemli bir mesafe katedip, toplumumuzun her kesiminin ilgisine mazhar  olmu\u015f, &ouml;nemli bir &ouml;l&ccedil;&uuml;de onlar\u0131n ayn\u0131 &ccedil;at\u0131 alt\u0131nda bir araya gelmesini  sa\u011flam\u0131\u015ft\u0131r.&nbsp;<br \/>&nbsp;&nbsp;<br \/>Toplumumuzdan alm\u0131\u015f oldu\u011fu bu g&uuml;&ccedil;le Bel&ccedil;ika&acute;n\u0131n  &ccedil;e\u015fitli bakanl\u0131klar\u0131nca kabul g&ouml;r&uuml;p, e\u011fitim, k&uuml;lt&uuml;r, i\u015fsizlik, ya\u015flanma,  kad\u0131n ve gen&ccedil;lik gibi &ouml;nemli problemlerimiz &uuml;zerinde&nbsp; ilgili  bakanl\u0131klarla&nbsp; birlikte ortakla\u015fa projeler ve &ccedil;al\u0131\u015fmalar ba\u015flatm\u0131\u015ft\u0131r.&nbsp;<br \/>&nbsp;&nbsp;<br \/>BTDB  Gen&ccedil;lerimizi; &uuml;niversiteye, halk\u0131m\u0131z\u0131; i&ccedil;erisinde ya\u015fad\u0131\u011f\u0131 toplumla  e\u015fit haklara sahip olmaya, e\u011fitimini tamamlayan gen&ccedil;lerimizi;  yabanc\u0131lara y&ouml;nelik &ccedil;al\u0131\u015fma yapan kurumlarda ve buran\u0131n siyasetinde  aktif olmaya te\u015fvik edici olmu\u015ftur.&nbsp;<br \/>&nbsp;&nbsp;<br \/><strong>BTDB: T&uuml;rkiye&acute;de  ya\u011fmur ya\u011fd\u0131\u011f\u0131nda burada \u015femsiye a&ccedil;an de\u011fil, T&uuml;rkiye&acute;de bir yang\u0131n varsa  onun s&ouml;nd&uuml;r&uuml;lmesi i&ccedil;in var g&uuml;c&uuml;yle gayret g&ouml;steren kurulu\u015f olmay\u0131  kendine prensip edinmi\u015ftir.<\/strong>&nbsp;Bunun en g&uuml;zel &ouml;rne\u011fini 1999  y\u0131l\u0131ndaki deprem s\u0131ras\u0131nda yapm\u0131\u015f oldu\u011fu malzeme yard\u0131m\u0131 ve D&uuml;zce&acute;de  kurmu\u015f oldu\u011fu 100 hanelik prefabrik<strong>Bel&ccedil;ika K&ouml;y&uuml;&nbsp;<\/strong>ile ortaya koymu\u015ftur.&nbsp;<br \/>&nbsp;&nbsp;<br \/>BTDB,  bir ekip anlay\u0131\u015f\u0131 i&ccedil;erisinde &ccedil;al\u0131\u015fmaktad\u0131r. Kili\u015fele\u015fmi\u015f  federasyonculuk anlay\u0131\u015f\u0131ndan farkl\u0131 olarak bir &ccedil;ok &uuml;st&uuml;n &ccedil;al\u0131\u015fmalar\u0131  sergilemi\u015ftir. Her sahada, her g&uuml;zel &ccedil;al\u0131\u015fmada yer almay\u0131 kendisine  d&uuml;stur edinmi\u015ftir. Bunun en g&uuml;zel &ouml;rneklerini ge&ccedil;irdi\u011fi 17 y\u0131l  i&ccedil;erisinde g&ouml;stermi\u015ftir.&nbsp;<br \/>&nbsp;&nbsp;<br \/>Bel&ccedil;ika&acute;da yabanc\u0131lara y&ouml;nelik m&uuml;sbet  &ccedil;al\u0131\u015fmalarda bulunan kurum, kurulu\u015f ve \u015fah\u0131slara entegrasyon ve dostluk  &ouml;d&uuml;lleri verilmesini sa\u011flay\u0131p, iki toplum aras\u0131ndaki dostlu\u011fun  peki\u015fmesine gereken azami gayreti g&ouml;stermi\u015ftir.&nbsp;<br \/>&nbsp;&nbsp;<br \/>T&uuml;rkiye&acute;nin ve  T&uuml;rk K&uuml;lt&uuml;r&uuml;&acute;n&uuml;n&nbsp; tan\u0131t\u0131lmas\u0131na b&uuml;y&uuml;k &ouml;nem vermi\u015f olup, T&uuml;rk Haftas\u0131  Kutlamalar\u0131 ihdas edip, Bel&ccedil;ika &ccedil;ap\u0131nda &ccedil;e\u015fitli etkinlikler ortaya  koymu\u015ftur. Bunun her iki y\u0131lda bir yap\u0131lmas\u0131n\u0131 da gelenek haline  getirmi\u015ftir. \u0130kincisinin;&nbsp; T&uuml;rk Haftas\u0131 &#8211; 40.Y\u0131l Etkinlikleri olarak  kutlanmas\u0131n\u0131 sa\u011flay\u0131p, bu etkinliklerde ba\u015f\u0131 &ccedil;ekerek toplumun genelinin  kat\u0131l\u0131m\u0131yla kutlanmas\u0131n\u0131 sa\u011flam\u0131\u015ft\u0131r.&nbsp;<br \/>&nbsp;&nbsp;<br \/>\u0130mkanlar\u0131 &ouml;l&ccedil;&uuml;s&uuml;nde dar  gelirli gen&ccedil;lere&nbsp; burs verilmesi, &ccedil;e\u015fitli okullara malzeme yard\u0131m\u0131nda  bulunulmas\u0131 gibi yard\u0131mlar da ger&ccedil;ekle\u015ftirilmi\u015ftir.&nbsp; Muhtelif zamanlarda  &ccedil;e\u015fitli gen&ccedil;lik projelerinden faydalan\u0131larak T&uuml;rkiyeden e\u011fitim  &ccedil;a\u011f\u0131ndaki gen&ccedil;ler getirtilip buradaki gen&ccedil;lerle tan\u0131\u015fmalar\u0131,  kayna\u015fmalar\u0131 ve Bel&ccedil;ika&acute;y\u0131 g&ouml;rmeleri sa\u011flanm\u0131\u015ft\u0131r. T&uuml;rkiye d\u0131\u015f\u0131ndaki  T&uuml;rk varl\u0131\u011f\u0131n\u0131n bulundu\u011fu yerlerlele irtibatlar kurup oralara maddi ve  manevi katk\u0131larda bulunulmu\u015ftur.&nbsp;<br \/>&nbsp;&nbsp;<br \/>Milli ve manevi meselelere daima sahip &ccedil;\u0131k\u0131lm\u0131\u015ft\u0131r. Gerekti\u011finde, gerekti\u011fi \u015fekliyle tepkiler ortaya koymu\u015ftur.&nbsp;&nbsp;<br \/>&nbsp;&nbsp;<br \/>BTDB  bakanl\u0131klar, valilikler ve belediyelerde olu\u015fturulmu\u015f yabanc\u0131lara  y&ouml;nelik &ccedil;al\u0131\u015fmalar yapan kurullar i&ccedil;erisinde yer almakta ve T&uuml;rk  toplumunu temsilen kat\u0131lmaktad\u0131r. Bir&ccedil;ok kurulda tek T&uuml;rk  temsilcisidir.<\/p>\n","protected":false},"excerpt":{"rendered":"<p>Bel&ccedil;ika T&uuml;rk Dernekleri Birli\u011fi bir ihtiyac\u0131n neticesinde ortaya &ccedil;\u0131km\u0131\u015ft\u0131r.&nbsp; Avrupa&acute;daki insanlar\u0131m\u0131z; art\u0131k burada kal\u0131c\u0131 olmu\u015flard\u0131r. Buran\u0131n \u015fartlar\u0131na g&ouml;re yeniden te\u015fkilatlanmalar\u0131 gerekmektedir. Ufak tefek fikri ayr\u0131l\u0131klar\u0131 bir kenara b\u0131rakarak, &ouml;nemli ortak paydalarda birle\u015fip g&uuml;&ccedil;birli\u011fi yapmak mecburiyetindedir. \u0130\u015fte bu birlik ve beraberli\u011fi sa\u011flamak i&ccedil;in ortaya &ccedil;\u0131kan BTDB k\u0131sa zamanda &ouml;nemli bir mesafe katedip, toplumumuzun her kesiminin ilgisine [&hellip;]<\/p>\n","protected":false},"author":1,"featured_media":0,"comment_status":"closed","ping_status":"closed","sticky":false,"template":"","format":"standard","meta":{"footnotes":""},"categories":[16],"tags":[],"post-meta-fields":[],"_links":{"self":[{"href":"https:\/\/www.turkseunie.be\/official\/wp-json\/wp\/v2\/posts\/421"}],"collection":[{"href":"https:\/\/www.turkseunie.be\/official\/wp-json\/wp\/v2\/posts"}],"about":[{"href":"https:\/\/www.turkseunie.be\/official\/wp-json\/wp\/v2\/types\/post"}],"author":[{"embeddable":true,"href":"https:\/\/www.turkseunie.be\/official\/wp-json\/wp\/v2\/users\/1"}],"replies":[{"embeddable":true,"href":"https:\/\/www.turkseunie.be\/official\/wp-json\/wp\/v2\/comments?post=421"}],"version-history":[{"count":0,"href":"https:\/\/www.turkseunie.be\/official\/wp-json\/wp\/v2\/posts\/421\/revisions"}],"wp:attachment":[{"href":"https:\/\/www.turkseunie.be\/official\/wp-json\/wp\/v2\/media?parent=421"}],"wp:term":[{"taxonomy":"category","embeddable":true,"href":"https:\/\/www.turkseunie.be\/official\/wp-json\/wp\/v2\/categories?post=421"},{"taxonomy":"post_tag","embeddable":true,"href":"https:\/\/www.turkseunie.be\/official\/wp-json\/wp\/v2\/tags?post=421"}],"curies":[{"name":"wp","href":"https:\/\/api.w.org\/{rel}","templated":true}]}}