{"id":1786,"date":"2018-02-08T17:51:01","date_gmt":"2018-02-08T17:51:01","guid":{"rendered":"http:\/\/turkseunie.be\/official\/?p=1786"},"modified":"2018-02-08T17:51:01","modified_gmt":"2018-02-08T17:51:01","slug":"akulu-araba-ve-tekerlekli-sandalye-bagisi","status":"publish","type":"post","link":"https:\/\/www.turkseunie.be\/official\/faaliyetlerimiz\/akulu-araba-ve-tekerlekli-sandalye-bagisi\/","title":{"rendered":"Ak\u00fcl\u00fc Araba ve Tekerlekli Sandalye Ba\u011f\u0131\u015f\u0131"},"content":{"rendered":"<p>Bel&ccedil;ika T&uuml;rk Kad\u0131nlar Birli\u011fi Soma maden facias\u0131nda engelli olarak ya\u015famlar\u0131n\u0131 s&uuml;rd&uuml;rmek zorunda kalan maden i\u015fcisi vatanda\u015flar\u0131m\u0131za ak&uuml;l&uuml; araba ve tekerlekli sandalye alma amac\u0131 ile Kad\u0131nlar E\u011flencesi d&uuml;zenledi. Bu&nbsp;<em>gecede toplan\u0131lan<\/em>&nbsp;paralar ile ak&uuml;l&uuml; arabalar ve tekerlekli sandalyeler al<em>\u0131nd\u0131. T\u0131rlara y&uuml;klenilen&nbsp;<\/em>ak&uuml;l&uuml; arabalar ve tekerlekli sandalyeler ihtiya&ccedil; sahibi ki\u015filere &uuml;cretsiz olarak verilmek &uuml;zeren yola &ccedil;\u0131kt\u0131lar.<\/p>\n<p>Bel&ccedil;ika T&uuml;rk Dernekleri Birli\u011fi olarak Bel&ccedil;ika T&uuml;rk Kad\u0131nlar Birli\u011fi&rsquo;ne ve bu faaliyetin ger&ccedil;ekle\u015fmesinde eme\u011fi ge&ccedil;en herkese te\u015fekk&uuml;rlerimizi sunar, &ccedil;al\u0131\u015fmalar\u0131n devam\u0131n\u0131 d&ouml;rt g&ouml;zle bekleriz.<\/p>\n<p>&nbsp;<\/p>\n<div class=\"span-8 last multi-image-container\">            <!-- image multi_lir --><\/p>\n<div class=\"span-2 multi-image-thumb\">    <a href=\"http:\/\/www.turkseunie.be\/uploads\/images\/18\/01\/25\/18\/14\/1801251814_0_4_571257\/180125181457_0_4_571257_o.jpg\" rel=\"prettyPhoto[pp-gallery]\"><img decoding=\"async\" src=\"http:\/\/www.turkseunie.be\/uploads\/images\/18\/01\/25\/18\/14\/1801251814_0_4_571257\/180125181457_0_4_571257_t.jpg\" alt=\"Turkse Unie\"><\/a><\/div>\n<p><!-- image multi_lir --><\/p>\n<div class=\"span-2 multi-image-thumb\">    <a href=\"http:\/\/www.turkseunie.be\/uploads\/images\/18\/01\/25\/18\/14\/1801251814_0_5_570422\/180125181457_0_5_570422_o.jpg\" rel=\"prettyPhoto[pp-gallery]\"><img decoding=\"async\" src=\"http:\/\/www.turkseunie.be\/uploads\/images\/18\/01\/25\/18\/14\/1801251814_0_5_570422\/180125181457_0_5_570422_t.jpg\" alt=\"Turkse Unie\"><\/a><\/div>\n<p><!-- image multi_lir --><\/p>\n<div class=\"span-2 multi-image-thumb\">    <a href=\"http:\/\/www.turkseunie.be\/uploads\/images\/18\/01\/25\/18\/14\/1801251814_0_1_258410\/180125181456_0_1_258410_o.jpg\" rel=\"prettyPhoto[pp-gallery]\"><img decoding=\"async\" src=\"http:\/\/www.turkseunie.be\/uploads\/images\/18\/01\/25\/18\/14\/1801251814_0_1_258410\/180125181456_0_1_258410_t.jpg\" alt=\"Turkse Unie\"><\/a><\/div>\n<p><!-- image multi_lir --><\/p>\n<div class=\"span-2 last multi-image-thumb\">    <a href=\"http:\/\/www.turkseunie.be\/uploads\/images\/18\/01\/25\/18\/14\/1801251814_0_2_836718\/180125181456_0_2_836718_o.jpg\" rel=\"prettyPhoto[pp-gallery]\"><img decoding=\"async\" src=\"http:\/\/www.turkseunie.be\/uploads\/images\/18\/01\/25\/18\/14\/1801251814_0_2_836718\/180125181456_0_2_836718_t.jpg\" alt=\"Turkse Unie\"><\/a><\/div>\n<p><!-- image multi_lir --><\/p>\n<div class=\"span-2 last multi-image-thumb\">    <a href=\"http:\/\/www.turkseunie.be\/uploads\/images\/18\/01\/25\/18\/14\/1801251814_0_3_575795\/180125181456_0_3_575795_o.jpg\" rel=\"prettyPhoto[pp-gallery]\"><img decoding=\"async\" src=\"http:\/\/www.turkseunie.be\/uploads\/images\/18\/01\/25\/18\/14\/1801251814_0_3_575795\/180125181456_0_3_575795_t.jpg\" alt=\"Turkse Unie\"><\/a><\/div>\n<\/p><\/div>\n","protected":false},"excerpt":{"rendered":"<p>Bel&ccedil;ika T&uuml;rk Kad\u0131nlar Birli\u011fi Soma maden facias\u0131nda engelli olarak ya\u015famlar\u0131n\u0131 s&uuml;rd&uuml;rmek zorunda kalan maden i\u015fcisi vatanda\u015flar\u0131m\u0131za ak&uuml;l&uuml; araba ve tekerlekli sandalye alma amac\u0131 ile Kad\u0131nlar E\u011flencesi d&uuml;zenledi. Bu&nbsp;gecede toplan\u0131lan&nbsp;paralar ile ak&uuml;l&uuml; arabalar ve tekerlekli sandalyeler al\u0131nd\u0131. T\u0131rlara y&uuml;klenilen&nbsp;ak&uuml;l&uuml; arabalar ve tekerlekli sandalyeler ihtiya&ccedil; sahibi ki\u015filere &uuml;cretsiz olarak verilmek &uuml;zeren yola &ccedil;\u0131kt\u0131lar. Bel&ccedil;ika T&uuml;rk Dernekleri Birli\u011fi [&hellip;]<\/p>\n","protected":false},"author":1,"featured_media":1911,"comment_status":"closed","ping_status":"closed","sticky":false,"template":"","format":"standard","meta":{"footnotes":""},"categories":[19,17,25,22,11,14,1,20,21,18],"tags":[],"post-meta-fields":{"_thumbnail_id":["1911"]},"_links":{"self":[{"href":"https:\/\/www.turkseunie.be\/official\/wp-json\/wp\/v2\/posts\/1786"}],"collection":[{"href":"https:\/\/www.turkseunie.be\/official\/wp-json\/wp\/v2\/posts"}],"about":[{"href":"https:\/\/www.turkseunie.be\/official\/wp-json\/wp\/v2\/types\/post"}],"author":[{"embeddable":true,"href":"https:\/\/www.turkseunie.be\/official\/wp-json\/wp\/v2\/users\/1"}],"replies":[{"embeddable":true,"href":"https:\/\/www.turkseunie.be\/official\/wp-json\/wp\/v2\/comments?post=1786"}],"version-history":[{"count":0,"href":"https:\/\/www.turkseunie.be\/official\/wp-json\/wp\/v2\/posts\/1786\/revisions"}],"wp:featuredmedia":[{"embeddable":true,"href":"https:\/\/www.turkseunie.be\/official\/wp-json\/wp\/v2\/media\/1911"}],"wp:attachment":[{"href":"https:\/\/www.turkseunie.be\/official\/wp-json\/wp\/v2\/media?parent=1786"}],"wp:term":[{"taxonomy":"category","embeddable":true,"href":"https:\/\/www.turkseunie.be\/official\/wp-json\/wp\/v2\/categories?post=1786"},{"taxonomy":"post_tag","embeddable":true,"href":"https:\/\/www.turkseunie.be\/official\/wp-json\/wp\/v2\/tags?post=1786"}],"curies":[{"name":"wp","href":"https:\/\/api.w.org\/{rel}","templated":true}]}}