{"id":1785,"date":"2018-01-23T21:44:35","date_gmt":"2018-01-23T21:44:35","guid":{"rendered":"http:\/\/turkseunie.be\/official\/?p=1785"},"modified":"2018-01-23T21:44:35","modified_gmt":"2018-01-23T21:44:35","slug":"10-siir-ve-edebiyat-gunu","status":"publish","type":"post","link":"https:\/\/www.turkseunie.be\/official\/faaliyetlerimiz\/10-siir-ve-edebiyat-gunu\/","title":{"rendered":"10. \u015eiir ve Edebiyat G\u00fcn\u00fc"},"content":{"rendered":"<p><strong><span style=\"text-decoration: underline;\">\u015e<\/span><\/strong><strong><span style=\"text-decoration: underline;\">iir &nbsp;yar\u0131\u015fmas\u0131n\u0131n kat\u0131l\u0131m esaslar\u0131 : <\/p>\n<p> <\/span><\/strong><\/p>\n<p>&nbsp;<\/p>\n<ol>\n<li>Yar\u0131\u015fmaya <strong><span style=\"text-decoration: underline;\">Bel&ccedil;ika&acute;da<\/span><\/strong> ya\u015fayan&nbsp; her ya\u015f grubundan vatanda\u015f\u0131m\u0131z kat\u0131labilir.<\/li>\n<li>Yar\u0131\u015fmaya hem T&uuml;rk&ccedil;e , hem de Hollandaca dillerinde yaz\u0131lm\u0131\u015f \u015fiirler ile&nbsp;&nbsp; kat\u0131l\u0131labilirsiniz.<\/li>\n<li>Hollandaca ve T&uuml;rk&ccedil;e dilleri i&ccedil;in, iki ayr\u0131 j&uuml;ri olu\u015fturulup de\u011ferlendirme yap\u0131lacakt\u0131r.<\/li>\n<li>\u015eiirler 10 k\u0131tadan (20 beyit veya 40 dizeden) daha uzun olmayacakt\u0131r.<\/li>\n<li>\u0130lk &uuml;&ccedil; dereceye giren \u015fiirlere &ouml;d&uuml;l verilecektir.<\/li>\n<li><strong>6.&nbsp;&nbsp;&nbsp;&nbsp;&nbsp;&nbsp; <\/strong>Kazanan \u015fiirlerin &ouml;d&uuml;lleri <strong><span style=\"text-decoration: underline;\">bizzat<\/span><\/strong> \u015fiiri yazana verilecek olup, \u015fiiri yazan\u0131n <strong><span style=\"text-decoration: underline;\">muhakkak salonda bulunmas\u0131 gerekmektedir<\/span>. <\/strong><strong>&nbsp;<\/strong><\/li>\n<li><strong>7.&nbsp;&nbsp;&nbsp;&nbsp;&nbsp;&nbsp; <\/strong><strong>\u015eiirlerin alt\u0131na ad, soyad, adres, telefon numaralar\u0131n\u0131z\u0131,do<\/strong><strong>\u011fum tarihinizi<\/strong><strong> ve email adresinizi yaz\u0131n\u0131z.<\/strong><strong>&nbsp;<\/strong><\/li>\n<li>\u015eiirlerin <span style=\"text-decoration: underline;\">mutlaka<\/span> bir ba\u015fl\u0131\u011f\u0131 olmal\u0131d\u0131r. De\u011ferlendirme bu \u015fiir ba\u015fl\u0131\u011f\u0131 ile yap\u0131lacakt\u0131r.<\/li>\n<li>\u015eiirin t&uuml;r&uuml;, kafiye d&uuml;zeni ve &ouml;l&ccedil;&uuml;s&uuml; se&ccedil;iminde kat\u0131l\u0131mc\u0131 ba\u011f\u0131ms\u0131zd\u0131r.<\/li>\n<li>\u015eiirler,&nbsp;en son <strong>31 Ocak<\/strong> <strong><span style=\"text-decoration: underline;\">2018 g&uuml;n&uuml; saat 17:00&acute;ye<\/span><\/strong> kadar belirtilen adrese veya&nbsp;e-postaya ula\u015facak&nbsp;\u015fekilde g&ouml;nderilmelidir. Bu tarihten sonra elimize ge&ccedil;en&nbsp;&nbsp; <br \/> \u015fiirler&nbsp;de\u011ferlendirmeye <strong><span style=\"text-decoration: underline;\">al\u0131nmayacakt\u0131r!<\/span><\/strong><\/li>\n<li>Her \u015fah\u0131s yaln\u0131zca <strong><span style=\"text-decoration: underline;\">bir \u015fiir<\/span><\/strong> ile yar\u0131\u015fmaya i\u015ftirak edebilir. Ayn\u0131 isme d&uuml;zenlenmi\u015f birden fazla \u015fiir ile kat\u0131lanlar tesbit edildi\u011finde t&uuml;m \u015fiirleri yar\u0131\u015fma d\u0131\u015f\u0131 b\u0131rak\u0131lacakt\u0131r.<\/li>\n<li>T&uuml;rk toplumunu veya insanl\u0131\u011f\u0131, k&uuml;&ccedil;&uuml;k d&uuml;\u015f&uuml;r&uuml;c&uuml;, i&ccedil;eri\u011finde&nbsp; hakaret i&ccedil;eren, b&ouml;l&uuml;c&uuml;, <br \/> y\u0131k\u0131c\u0131 ve tahrik edici kelime&nbsp;bulunduran, reklam veya propoganda amac\u0131 g&uuml;den,&nbsp;&nbsp;&nbsp;&nbsp;&nbsp;&nbsp;&nbsp; ahlak kurallar\u0131na uygun olmayan \u015fiirler j&uuml;ri taraf\u0131ndan yar\u0131\u015fma d\u0131\u015f\u0131 b\u0131rak\u0131lacakt\u0131r.<\/li>\n<li>Yar\u0131\u015fmaya kat\u0131lmak i&ccedil;in g&ouml;nderilen \u015fiirlerin sonradan de\u011fi\u015ftirilmesi talep edilemez.<br \/> Ancak yaz\u0131l\u0131 bir dilek&ccedil;e ile yar\u0131\u015fmadan &ccedil;ekilmesi istenebilinir. Dilek&ccedil;enin al\u0131nd\u0131\u011f\u0131 tarihten&nbsp;itibaren \u015fiir, yar\u0131\u015fma d\u0131\u015f\u0131 b\u0131rak\u0131l\u0131r. Ayn\u0131 \u015fah\u0131stan farkl\u0131 bir \u015fiir kabul edilmez.<\/li>\n<li>\u0130lk 20 dereceye giren \u015fiirler ileri tarihlerde bir kitap&ccedil;\u0131k halinde bast\u0131r\u0131lacakt\u0131r.<\/li>\n<li>Yar\u0131\u015fmaya g&ouml;nderilen \u015fiirler, daha &ouml;nceden hi&ccedil;bir yerde yay\u0131nlanmam\u0131\u015f, hi&ccedil;bir yar\u0131\u015fmaya&nbsp; kat\u0131lmam\u0131\u015f ve orjinal olmas\u0131 gerekir.<\/li>\n<\/ol>\n<p>&nbsp;<\/p>\n<p><em><strong><span style=\"text-decoration: underline;\">Yar\u0131\u015fmaya kat\u0131lmak isteyenler a\u015fa<\/span><\/strong><\/em><strong><span style=\"text-decoration: underline;\">\u011f<em>\u0131daki adrese \u015fiirlerini yollayabilirler:<\/em><\/span><\/strong><em> <br \/> <\/em>Turkse Unie van Belgi&euml; vzw <br \/> Stationsstraat 96 <br \/> 3582 Beringen <br \/> T: 011-454141&nbsp; F: 011-453838 <br \/> www.turkseunie.be <br \/> info@turkseunie.be<\/p>\n<p>&nbsp;<\/p>\n<p>&nbsp;<\/p>\n","protected":false},"excerpt":{"rendered":"<p>\u015eiir &nbsp;yar\u0131\u015fmas\u0131n\u0131n kat\u0131l\u0131m esaslar\u0131 : &nbsp; Yar\u0131\u015fmaya Bel&ccedil;ika&acute;da ya\u015fayan&nbsp; her ya\u015f grubundan vatanda\u015f\u0131m\u0131z kat\u0131labilir. Yar\u0131\u015fmaya hem T&uuml;rk&ccedil;e , hem de Hollandaca dillerinde yaz\u0131lm\u0131\u015f \u015fiirler ile&nbsp;&nbsp; kat\u0131l\u0131labilirsiniz. Hollandaca ve T&uuml;rk&ccedil;e dilleri i&ccedil;in, iki ayr\u0131 j&uuml;ri olu\u015fturulup de\u011ferlendirme yap\u0131lacakt\u0131r. \u015eiirler 10 k\u0131tadan (20 beyit veya 40 dizeden) daha uzun olmayacakt\u0131r. \u0130lk &uuml;&ccedil; dereceye giren \u015fiirlere &ouml;d&uuml;l verilecektir. [&hellip;]<\/p>\n","protected":false},"author":1,"featured_media":1912,"comment_status":"closed","ping_status":"closed","sticky":false,"template":"","format":"standard","meta":{"footnotes":""},"categories":[19,25,22,11,1,20,21],"tags":[],"post-meta-fields":{"_thumbnail_id":["1912"]},"_links":{"self":[{"href":"https:\/\/www.turkseunie.be\/official\/wp-json\/wp\/v2\/posts\/1785"}],"collection":[{"href":"https:\/\/www.turkseunie.be\/official\/wp-json\/wp\/v2\/posts"}],"about":[{"href":"https:\/\/www.turkseunie.be\/official\/wp-json\/wp\/v2\/types\/post"}],"author":[{"embeddable":true,"href":"https:\/\/www.turkseunie.be\/official\/wp-json\/wp\/v2\/users\/1"}],"replies":[{"embeddable":true,"href":"https:\/\/www.turkseunie.be\/official\/wp-json\/wp\/v2\/comments?post=1785"}],"version-history":[{"count":0,"href":"https:\/\/www.turkseunie.be\/official\/wp-json\/wp\/v2\/posts\/1785\/revisions"}],"wp:featuredmedia":[{"embeddable":true,"href":"https:\/\/www.turkseunie.be\/official\/wp-json\/wp\/v2\/media\/1912"}],"wp:attachment":[{"href":"https:\/\/www.turkseunie.be\/official\/wp-json\/wp\/v2\/media?parent=1785"}],"wp:term":[{"taxonomy":"category","embeddable":true,"href":"https:\/\/www.turkseunie.be\/official\/wp-json\/wp\/v2\/categories?post=1785"},{"taxonomy":"post_tag","embeddable":true,"href":"https:\/\/www.turkseunie.be\/official\/wp-json\/wp\/v2\/tags?post=1785"}],"curies":[{"name":"wp","href":"https:\/\/api.w.org\/{rel}","templated":true}]}}