{"id":1745,"date":"2018-02-08T18:20:42","date_gmt":"2018-02-08T18:20:42","guid":{"rendered":"http:\/\/turkseunie.be\/official\/?p=1745"},"modified":"2018-02-08T18:20:42","modified_gmt":"2018-02-08T18:20:42","slug":"aylik-kahvalti-fatih-camii","status":"publish","type":"post","link":"https:\/\/www.turkseunie.be\/official\/faaliyetlerimiz\/aylik-kahvalti-fatih-camii\/","title":{"rendered":"Ayl\u0131k kahvalt\u0131 &#8211; Fatih Camii"},"content":{"rendered":"<div class=\"span-8 last multi-image-container\">            <!-- image multi_lir --><\/p>\n<div class=\"span-2 multi-image-thumb\">    <a href=\"http:\/\/www.turkseunie.be\/uploads\/images\/17\/11\/06\/23\/29\/1711062329_0_6_777458\/171106232932_0_6_777458_o.jpg\" rel=\"prettyPhoto[pp-gallery]\"><img decoding=\"async\" src=\"http:\/\/www.turkseunie.be\/uploads\/images\/17\/11\/06\/23\/29\/1711062329_0_6_777458\/171106232932_0_6_777458_t.jpg\" alt=\"Turkse Unie\"><\/a><\/div>\n<p><!-- image multi_lir --><\/p>\n<div class=\"span-2 multi-image-thumb\">    <a href=\"http:\/\/www.turkseunie.be\/uploads\/images\/17\/11\/06\/23\/29\/1711062329_0_7_035284\/171106232932_0_7_035284_o.jpg\" rel=\"prettyPhoto[pp-gallery]\"><img decoding=\"async\" src=\"http:\/\/www.turkseunie.be\/uploads\/images\/17\/11\/06\/23\/29\/1711062329_0_7_035284\/171106232932_0_7_035284_t.jpg\" alt=\"Turkse Unie\"><\/a><\/div>\n<p><!-- image multi_lir --><\/p>\n<div class=\"span-2 multi-image-thumb\">    <a href=\"http:\/\/www.turkseunie.be\/uploads\/images\/17\/11\/06\/23\/29\/1711062329_0_4_676080\/171106232931_0_4_676080_o.jpg\" rel=\"prettyPhoto[pp-gallery]\"><img decoding=\"async\" src=\"http:\/\/www.turkseunie.be\/uploads\/images\/17\/11\/06\/23\/29\/1711062329_0_4_676080\/171106232931_0_4_676080_t.jpg\" alt=\"Turkse Unie\"><\/a><\/div>\n<p><!-- image multi_lir --><\/p>\n<div class=\"span-2 last multi-image-thumb\">    <a href=\"http:\/\/www.turkseunie.be\/uploads\/images\/17\/11\/06\/23\/29\/1711062329_0_2_938165\/171106232930_0_2_938165_o.jpg\" rel=\"prettyPhoto[pp-gallery]\"><img decoding=\"async\" src=\"http:\/\/www.turkseunie.be\/uploads\/images\/17\/11\/06\/23\/29\/1711062329_0_2_938165\/171106232930_0_2_938165_t.jpg\" alt=\"Turkse Unie\"><\/a><\/div>\n<p><!-- image multi_lir --><\/p>\n<div class=\"span-2 multi-image-thumb\">    <a href=\"http:\/\/www.turkseunie.be\/uploads\/images\/17\/11\/06\/23\/29\/1711062329_0_3_270116\/171106232930_0_3_270116_o.jpg\" rel=\"prettyPhoto[pp-gallery]\"><img decoding=\"async\" src=\"http:\/\/www.turkseunie.be\/uploads\/images\/17\/11\/06\/23\/29\/1711062329_0_3_270116\/171106232930_0_3_270116_t.jpg\" alt=\"Turkse Unie\"><\/a><\/div>\n<p><!-- image multi_lir --><\/p>\n<div class=\"span-2 last multi-image-thumb\">    <a href=\"http:\/\/www.turkseunie.be\/uploads\/images\/17\/11\/06\/23\/29\/1711062329_0_1_399262\/171106232929_0_1_399262_o.jpg\" rel=\"prettyPhoto[pp-gallery]\"><img decoding=\"async\" src=\"http:\/\/www.turkseunie.be\/uploads\/images\/17\/11\/06\/23\/29\/1711062329_0_1_399262\/171106232929_0_1_399262_t.jpg\" alt=\"Turkse Unie\"><\/a><\/div>\n<\/p><\/div>\n<p>Bel&ccedil;ika T&uuml;rk Dernekleri Birli\u011fi 4 Kas\u0131m saat 10:30&#8217;da, CLB (Aile Dan\u0131\u015fma Rehberli\u011fi) ve Fatih Camii &#8211; Kad\u0131nlar B&ouml;l&uuml;m&uuml; ile bir bilgilendirme etkinli\u011fi d&uuml;zenledi. Fatih Camii Kad\u0131n Kollar\u0131 Ba\u015fkan\u0131 G&uuml;lseren Ekici herkesi memnuniyetle kar\u015f\u0131lad\u0131. Bel&ccedil;ika T&uuml;rk Derne\u011fi e\u011fitim eleman\u0131 Hatice Karakaya sonras\u0131nda projeleri anlatt\u0131.<\/p>\n<div>Bayan Kar\u015f\u0131kaya Semme, CLB&#8217;nin T&uuml;rk&ccedil;e konu\u015fan kat\u0131l\u0131mc\u0131lar\u0131na i&ccedil;erik hakk\u0131nda bilgi verdi.<\/div>\n<p>&nbsp;<\/p>\n","protected":false},"excerpt":{"rendered":"<p>Bel&ccedil;ika T&uuml;rk Dernekleri Birli\u011fi 4 Kas\u0131m saat 10:30&#8217;da, CLB (Aile Dan\u0131\u015fma Rehberli\u011fi) ve Fatih Camii &#8211; Kad\u0131nlar B&ouml;l&uuml;m&uuml; ile bir bilgilendirme etkinli\u011fi d&uuml;zenledi. Fatih Camii Kad\u0131n Kollar\u0131 Ba\u015fkan\u0131 G&uuml;lseren Ekici herkesi memnuniyetle kar\u015f\u0131lad\u0131. Bel&ccedil;ika T&uuml;rk Derne\u011fi e\u011fitim eleman\u0131 Hatice Karakaya sonras\u0131nda projeleri anlatt\u0131. Bayan Kar\u015f\u0131kaya Semme, CLB&#8217;nin T&uuml;rk&ccedil;e konu\u015fan kat\u0131l\u0131mc\u0131lar\u0131na i&ccedil;erik hakk\u0131nda bilgi verdi. &nbsp;<\/p>\n","protected":false},"author":1,"featured_media":1950,"comment_status":"closed","ping_status":"closed","sticky":false,"template":"","format":"standard","meta":{"footnotes":""},"categories":[17,25,11,1,21],"tags":[],"post-meta-fields":{"_thumbnail_id":["1950"]},"_links":{"self":[{"href":"https:\/\/www.turkseunie.be\/official\/wp-json\/wp\/v2\/posts\/1745"}],"collection":[{"href":"https:\/\/www.turkseunie.be\/official\/wp-json\/wp\/v2\/posts"}],"about":[{"href":"https:\/\/www.turkseunie.be\/official\/wp-json\/wp\/v2\/types\/post"}],"author":[{"embeddable":true,"href":"https:\/\/www.turkseunie.be\/official\/wp-json\/wp\/v2\/users\/1"}],"replies":[{"embeddable":true,"href":"https:\/\/www.turkseunie.be\/official\/wp-json\/wp\/v2\/comments?post=1745"}],"version-history":[{"count":0,"href":"https:\/\/www.turkseunie.be\/official\/wp-json\/wp\/v2\/posts\/1745\/revisions"}],"wp:featuredmedia":[{"embeddable":true,"href":"https:\/\/www.turkseunie.be\/official\/wp-json\/wp\/v2\/media\/1950"}],"wp:attachment":[{"href":"https:\/\/www.turkseunie.be\/official\/wp-json\/wp\/v2\/media?parent=1745"}],"wp:term":[{"taxonomy":"category","embeddable":true,"href":"https:\/\/www.turkseunie.be\/official\/wp-json\/wp\/v2\/categories?post=1745"},{"taxonomy":"post_tag","embeddable":true,"href":"https:\/\/www.turkseunie.be\/official\/wp-json\/wp\/v2\/tags?post=1745"}],"curies":[{"name":"wp","href":"https:\/\/api.w.org\/{rel}","templated":true}]}}