{"id":1708,"date":"2017-05-12T16:59:34","date_gmt":"2017-05-12T16:59:34","guid":{"rendered":"http:\/\/turkseunie.be\/official\/?p=1708"},"modified":"2017-05-12T16:59:34","modified_gmt":"2017-05-12T16:59:34","slug":"11-11-11-goc-ve-iltica-kampanyasi","status":"publish","type":"post","link":"https:\/\/www.turkseunie.be\/official\/faaliyetlerimiz\/11-11-11-goc-ve-iltica-kampanyasi\/","title":{"rendered":"11.11.11 G\u00f6\u00e7 ve \u0130ltica Kampanyas\u0131"},"content":{"rendered":"<p>Bel&ccedil;ika T&uuml;rk Dernekleri Birli\u011fi 9 May\u0131s 2017 g&uuml;n&uuml; Hasselt k&uuml;lt&uuml;r merkezinde 11.11.11&rsquo;in G&ouml;&ccedil; ve \u0130ltica kampayas\u0131n\u0131n tan\u0131\u015fma program\u0131na kat\u0131ld\u0131. Program\u0131n amac\u0131 Limburg&rsquo;da g&ouml;&ccedil; temas\u0131 &uuml;zerinde &ccedil;al\u0131\u015fan kurulu\u015flarla 11.11.11 yard\u0131m kurulu\u015funun g&ouml;n&uuml;ll&uuml;lerinin tan\u0131\u015fmas\u0131yd\u0131.<\/p>\n<p>Kas\u0131m ay\u0131nda d&uuml;zenlenecek &lsquo;11.11.11 G&ouml;&ccedil; ve \u0130ltica kampayas\u0131&rsquo; &ccedil;er&ccedil;evesinde nas\u0131l bir i\u015fbirli\u011fi yap\u0131labilece\u011fi konusunda g&ouml;r&uuml;\u015fmeler yap\u0131ld\u0131.&nbsp; 11.11.11, y\u0131l sonunda ba\u015flat\u0131lacak bu kampanyada her b&ouml;lgede g&ouml;&ccedil; konusuna ili\u015fkin destekleyici taban\u0131n var oldu\u011funu g&ouml;stermek istiyor.<\/p>\n<p>Avrupa&rsquo;da g&ouml;&ccedil; ve ilticaya ili\u015fkin tolerans\u0131n git gide azalmas\u0131 kayg\u0131land\u0131r\u0131c\u0131 bir geli\u015fme. Il\u0131ml\u0131 siyaset&ccedil;ilerin bile bu y&ouml;ne do\u011fru konu\u015fmas\u0131 ve siyaset yapmas\u0131, b&uuml;t&uuml;n toplumun bu yabanc\u0131lara ve &ouml;zellikle m&uuml;ltecilere daha az tolerans g&ouml;stermesine neden olmakta. Bel&ccedil;ika&rsquo;n\u0131n en &ouml;nemli&nbsp; yard\u0131m kurulu\u015flar\u0131ndan biri olan&nbsp; 11.11.11 bu gidi\u015fata kampanyalar\u0131yla dikkat &ccedil;ekip bir dur demek istiyor.&nbsp;<\/p>\n<p>&nbsp;<\/p>\n<div class=\"span-8 last multi-image-container\">            <!-- image multi_lir --><\/p>\n<div class=\"span-2 multi-image-thumb\">    <a href=\"http:\/\/www.turkseunie.be\/uploads\/images\/17\/05\/12\/17\/39\/1705121739_0_6_198345\/170512173902_0_6_198345_o.jpg\" rel=\"prettyPhoto[pp-gallery]\"><img decoding=\"async\" src=\"http:\/\/www.turkseunie.be\/uploads\/images\/17\/05\/12\/17\/39\/1705121739_0_6_198345\/170512173902_0_6_198345_t.jpg\" alt=\"Turkse Unie\"><\/a><\/div>\n<p><!-- image multi_lir --><\/p>\n<div class=\"span-2 multi-image-thumb\">    <a href=\"http:\/\/www.turkseunie.be\/uploads\/images\/17\/05\/12\/17\/39\/1705121739_0_8_087523\/170512173905_0_8_087523_o.jpg\" rel=\"prettyPhoto[pp-gallery]\"><img decoding=\"async\" src=\"http:\/\/www.turkseunie.be\/uploads\/images\/17\/05\/12\/17\/39\/1705121739_0_8_087523\/170512173905_0_8_087523_t.jpg\" alt=\"Turkse Unie\"><\/a><\/div>\n<p><!-- image multi_lir --><\/p>\n<div class=\"span-2 multi-image-thumb\">    <a href=\"http:\/\/www.turkseunie.be\/uploads\/images\/17\/05\/12\/17\/38\/1705121738_0_3_137030\/170512173851_0_3_137030_o.jpg\" rel=\"prettyPhoto[pp-gallery]\"><img decoding=\"async\" src=\"http:\/\/www.turkseunie.be\/uploads\/images\/17\/05\/12\/17\/38\/1705121738_0_3_137030\/170512173851_0_3_137030_t.jpg\" alt=\"Turkse Unie\"><\/a><\/div>\n<p><!-- image multi_lir --><\/p>\n<div class=\"span-2 last multi-image-thumb\">    <a href=\"http:\/\/www.turkseunie.be\/uploads\/images\/17\/05\/12\/17\/38\/1705121738_0_2_613582\/170512173850_0_2_613582_o.jpg\" rel=\"prettyPhoto[pp-gallery]\"><img decoding=\"async\" src=\"http:\/\/www.turkseunie.be\/uploads\/images\/17\/05\/12\/17\/38\/1705121738_0_2_613582\/170512173850_0_2_613582_t.jpg\" alt=\"Turkse Unie\"><\/a><\/div>\n<p><!-- image multi_lir --><\/p>\n<div class=\"span-2 multi-image-thumb\">    <a href=\"http:\/\/www.turkseunie.be\/uploads\/images\/17\/05\/12\/17\/49\/1705121749_0_4_514152\/170512174948_0_4_514152_o.jpg\" rel=\"prettyPhoto[pp-gallery]\"><img decoding=\"async\" src=\"http:\/\/www.turkseunie.be\/uploads\/images\/17\/05\/12\/17\/49\/1705121749_0_4_514152\/170512174948_0_4_514152_t.jpg\" alt=\"Turkse Unie\"><\/a><\/div>\n<p><!-- image multi_lir --><\/p>\n<div class=\"span-2 multi-image-thumb\">    <a href=\"http:\/\/www.turkseunie.be\/uploads\/images\/17\/05\/12\/17\/49\/1705121749_0_3_978922\/170512174945_0_3_978922_o.jpg\" rel=\"prettyPhoto[pp-gallery]\"><img decoding=\"async\" src=\"http:\/\/www.turkseunie.be\/uploads\/images\/17\/05\/12\/17\/49\/1705121749_0_3_978922\/170512174945_0_3_978922_t.jpg\" alt=\"Turkse Unie\"><\/a><\/div>\n<p><!-- image multi_lir --><\/p>\n<div class=\"span-2 multi-image-thumb\">    <a href=\"http:\/\/www.turkseunie.be\/uploads\/images\/17\/05\/12\/17\/49\/1705121749_0_2_359252\/170512174944_0_2_359252_o.jpg\" rel=\"prettyPhoto[pp-gallery]\"><img decoding=\"async\" src=\"http:\/\/www.turkseunie.be\/uploads\/images\/17\/05\/12\/17\/49\/1705121749_0_2_359252\/170512174944_0_2_359252_t.jpg\" alt=\"Turkse Unie\"><\/a><\/div>\n<p><!-- image multi_lir --><\/p>\n<div class=\"span-2 last multi-image-thumb\">    <a href=\"http:\/\/www.turkseunie.be\/uploads\/images\/17\/05\/12\/17\/49\/1705121749_0_1_079690\/170512174942_0_1_079690_o.jpg\" rel=\"prettyPhoto[pp-gallery]\"><img decoding=\"async\" src=\"http:\/\/www.turkseunie.be\/uploads\/images\/17\/05\/12\/17\/49\/1705121749_0_1_079690\/170512174942_0_1_079690_t.jpg\" alt=\"Turkse Unie\"><\/a><\/div>\n<\/p><\/div>\n","protected":false},"excerpt":{"rendered":"<p>Bel&ccedil;ika T&uuml;rk Dernekleri Birli\u011fi 9 May\u0131s 2017 g&uuml;n&uuml; Hasselt k&uuml;lt&uuml;r merkezinde 11.11.11&rsquo;in G&ouml;&ccedil; ve \u0130ltica kampayas\u0131n\u0131n tan\u0131\u015fma program\u0131na kat\u0131ld\u0131. Program\u0131n amac\u0131 Limburg&rsquo;da g&ouml;&ccedil; temas\u0131 &uuml;zerinde &ccedil;al\u0131\u015fan kurulu\u015flarla 11.11.11 yard\u0131m kurulu\u015funun g&ouml;n&uuml;ll&uuml;lerinin tan\u0131\u015fmas\u0131yd\u0131. Kas\u0131m ay\u0131nda d&uuml;zenlenecek &lsquo;11.11.11 G&ouml;&ccedil; ve \u0130ltica kampayas\u0131&rsquo; &ccedil;er&ccedil;evesinde nas\u0131l bir i\u015fbirli\u011fi yap\u0131labilece\u011fi konusunda g&ouml;r&uuml;\u015fmeler yap\u0131ld\u0131.&nbsp; 11.11.11, y\u0131l sonunda ba\u015flat\u0131lacak bu kampanyada her [&hellip;]<\/p>\n","protected":false},"author":1,"featured_media":1987,"comment_status":"closed","ping_status":"closed","sticky":false,"template":"","format":"standard","meta":{"footnotes":""},"categories":[25,1,27,20],"tags":[],"post-meta-fields":{"_thumbnail_id":["1987"]},"_links":{"self":[{"href":"https:\/\/www.turkseunie.be\/official\/wp-json\/wp\/v2\/posts\/1708"}],"collection":[{"href":"https:\/\/www.turkseunie.be\/official\/wp-json\/wp\/v2\/posts"}],"about":[{"href":"https:\/\/www.turkseunie.be\/official\/wp-json\/wp\/v2\/types\/post"}],"author":[{"embeddable":true,"href":"https:\/\/www.turkseunie.be\/official\/wp-json\/wp\/v2\/users\/1"}],"replies":[{"embeddable":true,"href":"https:\/\/www.turkseunie.be\/official\/wp-json\/wp\/v2\/comments?post=1708"}],"version-history":[{"count":0,"href":"https:\/\/www.turkseunie.be\/official\/wp-json\/wp\/v2\/posts\/1708\/revisions"}],"wp:featuredmedia":[{"embeddable":true,"href":"https:\/\/www.turkseunie.be\/official\/wp-json\/wp\/v2\/media\/1987"}],"wp:attachment":[{"href":"https:\/\/www.turkseunie.be\/official\/wp-json\/wp\/v2\/media?parent=1708"}],"wp:term":[{"taxonomy":"category","embeddable":true,"href":"https:\/\/www.turkseunie.be\/official\/wp-json\/wp\/v2\/categories?post=1708"},{"taxonomy":"post_tag","embeddable":true,"href":"https:\/\/www.turkseunie.be\/official\/wp-json\/wp\/v2\/tags?post=1708"}],"curies":[{"name":"wp","href":"https:\/\/api.w.org\/{rel}","templated":true}]}}