{"id":1707,"date":"2017-05-09T17:14:43","date_gmt":"2017-05-09T17:14:43","guid":{"rendered":"http:\/\/turkseunie.be\/official\/?p=1707"},"modified":"2017-05-09T17:14:43","modified_gmt":"2017-05-09T17:14:43","slug":"stadskriebels-the-konya-derwish-group-semazen-gosterisi","status":"publish","type":"post","link":"https:\/\/www.turkseunie.be\/official\/dernek-faaliyetleri\/stadskriebels-the-konya-derwish-group-semazen-gosterisi\/","title":{"rendered":"Stadskriebels The Konya Derwish Group semazen g\u00f6sterisi"},"content":{"rendered":"<p>The Konya Derwish Group derne\u011fimiz, Stadskriebels festivalinde semazen g&ouml;sterisi ve at&ouml;lye &ccedil;al\u0131\u015fmas\u0131 sunacakt\u0131r.<\/p>\n","protected":false},"excerpt":{"rendered":"<p>The Konya Derwish Group derne\u011fimiz, Stadskriebels festivalinde semazen g&ouml;sterisi ve at&ouml;lye &ccedil;al\u0131\u015fmas\u0131 sunacakt\u0131r.<\/p>\n","protected":false},"author":1,"featured_media":1988,"comment_status":"closed","ping_status":"closed","sticky":false,"template":"","format":"standard","meta":{"footnotes":""},"categories":[19,25,22,11,20,21,18],"tags":[],"post-meta-fields":{"_thumbnail_id":["1988"]},"_links":{"self":[{"href":"https:\/\/www.turkseunie.be\/official\/wp-json\/wp\/v2\/posts\/1707"}],"collection":[{"href":"https:\/\/www.turkseunie.be\/official\/wp-json\/wp\/v2\/posts"}],"about":[{"href":"https:\/\/www.turkseunie.be\/official\/wp-json\/wp\/v2\/types\/post"}],"author":[{"embeddable":true,"href":"https:\/\/www.turkseunie.be\/official\/wp-json\/wp\/v2\/users\/1"}],"replies":[{"embeddable":true,"href":"https:\/\/www.turkseunie.be\/official\/wp-json\/wp\/v2\/comments?post=1707"}],"version-history":[{"count":0,"href":"https:\/\/www.turkseunie.be\/official\/wp-json\/wp\/v2\/posts\/1707\/revisions"}],"wp:featuredmedia":[{"embeddable":true,"href":"https:\/\/www.turkseunie.be\/official\/wp-json\/wp\/v2\/media\/1988"}],"wp:attachment":[{"href":"https:\/\/www.turkseunie.be\/official\/wp-json\/wp\/v2\/media?parent=1707"}],"wp:term":[{"taxonomy":"category","embeddable":true,"href":"https:\/\/www.turkseunie.be\/official\/wp-json\/wp\/v2\/categories?post=1707"},{"taxonomy":"post_tag","embeddable":true,"href":"https:\/\/www.turkseunie.be\/official\/wp-json\/wp\/v2\/tags?post=1707"}],"curies":[{"name":"wp","href":"https:\/\/api.w.org\/{rel}","templated":true}]}}