{"id":1705,"date":"2017-05-12T16:00:15","date_gmt":"2017-05-12T16:00:15","guid":{"rendered":"http:\/\/turkseunie.be\/official\/?p=1705"},"modified":"2017-05-12T16:00:15","modified_gmt":"2017-05-12T16:00:15","slug":"ajiaal-ve-neerpelt-kadinlar-dernegi-ile-kraliyet-serasina-gezi","status":"publish","type":"post","link":"https:\/\/www.turkseunie.be\/official\/faaliyetlerimiz\/ajiaal-ve-neerpelt-kadinlar-dernegi-ile-kraliyet-serasina-gezi\/","title":{"rendered":"Ajiaal ve Neerpelt Kad\u0131nlar derne\u011fi ile Kraliyet Seras\u0131na gezi"},"content":{"rendered":"<p>Bel&ccedil;ika T&uuml;rk Dernekleri Birli\u011fi 23 nisan 2017 tarihinde &uuml;ye dernekleri ile birlikte Bel&ccedil;ika Kraliyet Seras\u0131n\u0131 ziyaret etti. Ajiaal derne\u011fi ve Neerpelt kad\u0131nlar derne\u011finden 50 bayan gezimize kat\u0131ld\u0131.&nbsp;<\/p>\n<p>Sera giri\u015finde s\u0131k\u0131 kontrol vard\u0131, fakat beklemeden i&ccedil;eri\u011fe girebildik. Seraya girdi\u011fimizde &ccedil;ok g&uuml;zel &ccedil;i&ccedil;ek kokular\u0131 bizi kar\u015f\u0131lad\u0131. Sera gezildi, tropik bitki ve &ccedil;i&ccedil;eklerin &ouml;n&uuml;nde foto\u011fraflar &ccedil;ekildi, &ccedil;i&ccedil;ekler herkesi b&uuml;y&uuml;lemi\u015fti. \u0130ki saat s&uuml;ren sera ziyaretimizden sonra Atomium&#8217;e ge&ccedil;tik ve burda bir k\u0131sa mola verdik. Bayanlar\u0131m\u0131z burdada &ccedil;okca foto\u011fraf &ccedil;ektiler.<\/p>\n<p>Daha sonra &lsquo;Rue de Brabant&rsquo; &ccedil;ar\u015f\u0131s\u0131 gezildi. Saat 17&#8217;de Br&uuml;ksel&#8217;den ayr\u0131ld\u0131k.<\/p>\n<p>Bayanlar\u0131m\u0131z geziden &ccedil;ok memnun kald\u0131lar ve tekrar\u0131n\u0131 istediler.<\/p>\n<p>&nbsp;<\/p>\n<div class=\"span-8 last multi-image-container\">            <!-- image multi_lir --><\/p>\n<div class=\"span-2 multi-image-thumb\">    <a href=\"http:\/\/www.turkseunie.be\/uploads\/images\/17\/05\/10\/00\/22\/1705100022_0_1_224064\/170510002219_0_1_224064_o.jpg\" rel=\"prettyPhoto[pp-gallery]\"><img decoding=\"async\" src=\"http:\/\/www.turkseunie.be\/uploads\/images\/17\/05\/10\/00\/22\/1705100022_0_1_224064\/170510002219_0_1_224064_t.jpg\" alt=\"Turkse Unie\"><\/a><\/div>\n<p><!-- image multi_lir --><\/p>\n<div class=\"span-2 multi-image-thumb\">    <a href=\"http:\/\/www.turkseunie.be\/uploads\/images\/17\/05\/10\/00\/22\/1705100022_0_1_735735\/170510002208_0_1_735735_o.jpg\" rel=\"prettyPhoto[pp-gallery]\"><img decoding=\"async\" src=\"http:\/\/www.turkseunie.be\/uploads\/images\/17\/05\/10\/00\/22\/1705100022_0_1_735735\/170510002208_0_1_735735_t.jpg\" alt=\"Turkse Unie\"><\/a><\/div>\n<p><!-- image multi_lir --><\/p>\n<div class=\"span-2 multi-image-thumb\">    <a href=\"http:\/\/www.turkseunie.be\/uploads\/images\/17\/05\/10\/00\/21\/1705100021_0_1_308258\/170510002152_0_1_308258_o.jpg\" rel=\"prettyPhoto[pp-gallery]\"><img decoding=\"async\" src=\"http:\/\/www.turkseunie.be\/uploads\/images\/17\/05\/10\/00\/21\/1705100021_0_1_308258\/170510002152_0_1_308258_t.jpg\" alt=\"Turkse Unie\"><\/a><\/div>\n<p><!-- image multi_lir --><\/p>\n<div class=\"span-2 last multi-image-thumb\">    <a href=\"http:\/\/www.turkseunie.be\/uploads\/images\/17\/05\/10\/00\/21\/1705100021_0_1_174001\/170510002119_0_1_174001_o.jpg\" rel=\"prettyPhoto[pp-gallery]\"><img decoding=\"async\" src=\"http:\/\/www.turkseunie.be\/uploads\/images\/17\/05\/10\/00\/21\/1705100021_0_1_174001\/170510002119_0_1_174001_t.jpg\" alt=\"Turkse Unie\"><\/a><\/div>\n<\/p><\/div>\n","protected":false},"excerpt":{"rendered":"<p>Bel&ccedil;ika T&uuml;rk Dernekleri Birli\u011fi 23 nisan 2017 tarihinde &uuml;ye dernekleri ile birlikte Bel&ccedil;ika Kraliyet Seras\u0131n\u0131 ziyaret etti. Ajiaal derne\u011fi ve Neerpelt kad\u0131nlar derne\u011finden 50 bayan gezimize kat\u0131ld\u0131.&nbsp; Sera giri\u015finde s\u0131k\u0131 kontrol vard\u0131, fakat beklemeden i&ccedil;eri\u011fe girebildik. Seraya girdi\u011fimizde &ccedil;ok g&uuml;zel &ccedil;i&ccedil;ek kokular\u0131 bizi kar\u015f\u0131lad\u0131. Sera gezildi, tropik bitki ve &ccedil;i&ccedil;eklerin &ouml;n&uuml;nde foto\u011fraflar &ccedil;ekildi, &ccedil;i&ccedil;ekler herkesi [&hellip;]<\/p>\n","protected":false},"author":1,"featured_media":1990,"comment_status":"closed","ping_status":"closed","sticky":false,"template":"","format":"standard","meta":{"footnotes":""},"categories":[11,1,20,21],"tags":[],"post-meta-fields":{"_thumbnail_id":["1990"]},"_links":{"self":[{"href":"https:\/\/www.turkseunie.be\/official\/wp-json\/wp\/v2\/posts\/1705"}],"collection":[{"href":"https:\/\/www.turkseunie.be\/official\/wp-json\/wp\/v2\/posts"}],"about":[{"href":"https:\/\/www.turkseunie.be\/official\/wp-json\/wp\/v2\/types\/post"}],"author":[{"embeddable":true,"href":"https:\/\/www.turkseunie.be\/official\/wp-json\/wp\/v2\/users\/1"}],"replies":[{"embeddable":true,"href":"https:\/\/www.turkseunie.be\/official\/wp-json\/wp\/v2\/comments?post=1705"}],"version-history":[{"count":0,"href":"https:\/\/www.turkseunie.be\/official\/wp-json\/wp\/v2\/posts\/1705\/revisions"}],"wp:featuredmedia":[{"embeddable":true,"href":"https:\/\/www.turkseunie.be\/official\/wp-json\/wp\/v2\/media\/1990"}],"wp:attachment":[{"href":"https:\/\/www.turkseunie.be\/official\/wp-json\/wp\/v2\/media?parent=1705"}],"wp:term":[{"taxonomy":"category","embeddable":true,"href":"https:\/\/www.turkseunie.be\/official\/wp-json\/wp\/v2\/categories?post=1705"},{"taxonomy":"post_tag","embeddable":true,"href":"https:\/\/www.turkseunie.be\/official\/wp-json\/wp\/v2\/tags?post=1705"}],"curies":[{"name":"wp","href":"https:\/\/api.w.org\/{rel}","templated":true}]}}