{"id":1703,"date":"2017-05-05T21:21:09","date_gmt":"2017-05-05T21:21:09","guid":{"rendered":"http:\/\/turkseunie.be\/official\/?p=1703"},"modified":"2017-05-05T21:21:09","modified_gmt":"2017-05-05T21:21:09","slug":"6-bulusma-proje-zilver-aan-zet","status":"publish","type":"post","link":"https:\/\/www.turkseunie.be\/official\/faaliyetlerimiz\/6-bulusma-proje-zilver-aan-zet\/","title":{"rendered":"6. Bulu\u015fma proje Zilver aan zet"},"content":{"rendered":"<p>Zilver Aan Zet proje &ccedil;ercevesi dolay\u0131s\u0131yla ya\u015fl\u0131lar\u0131m\u0131z\u0131n refah d&uuml;zenini artt\u0131rmak i&ccedil;in Bel&ccedil;ika T&uuml;rk Dernekleri Birli\u011fi Gent b&ouml;lgesinde ya\u015fl\u0131lar\u0131m\u0131zla toplant\u0131lar devam etmekte.&nbsp; Toplant\u0131ya kat\u0131lan vatanda\u015flar\u0131m\u0131zla bu kez Partena sigortas\u0131 ziyaret edildi.<\/p>\n<p>Partena &ccedil;al\u0131\u015fan\u0131 Jeroen Peeters sigorta i\u015flemlerini ziyaret&ccedil;ilere anlatt\u0131. Kat\u0131l\u0131mc\u0131lar kendi durumlar\u0131ndan yola &ccedil;\u0131karak, sorular\u0131n\u0131 sordular. Peeters, de\u011fi\u015fik sigortalar\u0131n &ccedil;al\u0131\u015fmalar\u0131 ayn\u0131 gibi g&ouml;r&uuml;nsede yinede &ccedil;al\u0131\u015fmalar\u0131nda ve hizmetlerinde farkl\u0131l\u0131klar oldu\u011funu belirtti.<\/p>\n<p>&nbsp;<\/p>\n<div class=\"span-8 last multi-image-container\">            <!-- image multi_lir --><\/p>\n<div class=\"span-2 multi-image-thumb\">    <a href=\"http:\/\/www.turkseunie.be\/uploads\/images\/17\/05\/05\/23\/16\/1705052316_0_4_011987\/170505231640_0_4_011987_o.jpg\" rel=\"prettyPhoto[pp-gallery]\"><img decoding=\"async\" src=\"http:\/\/www.turkseunie.be\/uploads\/images\/17\/05\/05\/23\/16\/1705052316_0_4_011987\/170505231640_0_4_011987_t.jpg\" alt=\"Turkse Unie\"><\/a><\/div>\n<p><!-- image multi_lir --><\/p>\n<div class=\"span-2 multi-image-thumb\">    <a href=\"http:\/\/www.turkseunie.be\/uploads\/images\/17\/05\/05\/23\/16\/1705052316_0_3_634167\/170505231637_0_3_634167_o.jpg\" rel=\"prettyPhoto[pp-gallery]\"><img decoding=\"async\" src=\"http:\/\/www.turkseunie.be\/uploads\/images\/17\/05\/05\/23\/16\/1705052316_0_3_634167\/170505231637_0_3_634167_t.jpg\" alt=\"Turkse Unie\"><\/a><\/div>\n<p><!-- image multi_lir --><\/p>\n<div class=\"span-2 multi-image-thumb\">    <a href=\"http:\/\/www.turkseunie.be\/uploads\/images\/17\/05\/05\/23\/16\/1705052316_0_2_265558\/170505231631_0_2_265558_o.jpg\" rel=\"prettyPhoto[pp-gallery]\"><img decoding=\"async\" src=\"http:\/\/www.turkseunie.be\/uploads\/images\/17\/05\/05\/23\/16\/1705052316_0_2_265558\/170505231631_0_2_265558_t.jpg\" alt=\"Turkse Unie\"><\/a><\/div>\n<p><!-- image multi_lir --><\/p>\n<div class=\"span-2 last multi-image-thumb\">    <a href=\"http:\/\/www.turkseunie.be\/uploads\/images\/17\/05\/05\/23\/16\/1705052316_0_1_211617\/170505231629_0_1_211617_o.jpg\" rel=\"prettyPhoto[pp-gallery]\"><img decoding=\"async\" src=\"http:\/\/www.turkseunie.be\/uploads\/images\/17\/05\/05\/23\/16\/1705052316_0_1_211617\/170505231629_0_1_211617_t.jpg\" alt=\"Turkse Unie\"><\/a><\/div>\n<\/p><\/div>\n","protected":false},"excerpt":{"rendered":"<p>Zilver Aan Zet proje &ccedil;ercevesi dolay\u0131s\u0131yla ya\u015fl\u0131lar\u0131m\u0131z\u0131n refah d&uuml;zenini artt\u0131rmak i&ccedil;in Bel&ccedil;ika T&uuml;rk Dernekleri Birli\u011fi Gent b&ouml;lgesinde ya\u015fl\u0131lar\u0131m\u0131zla toplant\u0131lar devam etmekte.&nbsp; Toplant\u0131ya kat\u0131lan vatanda\u015flar\u0131m\u0131zla bu kez Partena sigortas\u0131 ziyaret edildi. Partena &ccedil;al\u0131\u015fan\u0131 Jeroen Peeters sigorta i\u015flemlerini ziyaret&ccedil;ilere anlatt\u0131. Kat\u0131l\u0131mc\u0131lar kendi durumlar\u0131ndan yola &ccedil;\u0131karak, sorular\u0131n\u0131 sordular. Peeters, de\u011fi\u015fik sigortalar\u0131n &ccedil;al\u0131\u015fmalar\u0131 ayn\u0131 gibi g&ouml;r&uuml;nsede yinede &ccedil;al\u0131\u015fmalar\u0131nda ve [&hellip;]<\/p>\n","protected":false},"author":1,"featured_media":1992,"comment_status":"closed","ping_status":"closed","sticky":false,"template":"","format":"standard","meta":{"footnotes":""},"categories":[19,25,22,1,27,20,21,18],"tags":[],"post-meta-fields":{"_thumbnail_id":["1992"]},"_links":{"self":[{"href":"https:\/\/www.turkseunie.be\/official\/wp-json\/wp\/v2\/posts\/1703"}],"collection":[{"href":"https:\/\/www.turkseunie.be\/official\/wp-json\/wp\/v2\/posts"}],"about":[{"href":"https:\/\/www.turkseunie.be\/official\/wp-json\/wp\/v2\/types\/post"}],"author":[{"embeddable":true,"href":"https:\/\/www.turkseunie.be\/official\/wp-json\/wp\/v2\/users\/1"}],"replies":[{"embeddable":true,"href":"https:\/\/www.turkseunie.be\/official\/wp-json\/wp\/v2\/comments?post=1703"}],"version-history":[{"count":0,"href":"https:\/\/www.turkseunie.be\/official\/wp-json\/wp\/v2\/posts\/1703\/revisions"}],"wp:featuredmedia":[{"embeddable":true,"href":"https:\/\/www.turkseunie.be\/official\/wp-json\/wp\/v2\/media\/1992"}],"wp:attachment":[{"href":"https:\/\/www.turkseunie.be\/official\/wp-json\/wp\/v2\/media?parent=1703"}],"wp:term":[{"taxonomy":"category","embeddable":true,"href":"https:\/\/www.turkseunie.be\/official\/wp-json\/wp\/v2\/categories?post=1703"},{"taxonomy":"post_tag","embeddable":true,"href":"https:\/\/www.turkseunie.be\/official\/wp-json\/wp\/v2\/tags?post=1703"}],"curies":[{"name":"wp","href":"https:\/\/api.w.org\/{rel}","templated":true}]}}