{"id":1695,"date":"2017-04-24T15:48:24","date_gmt":"2017-04-24T15:48:24","guid":{"rendered":"http:\/\/turkseunie.be\/official\/?p=1695"},"modified":"2017-04-24T15:48:24","modified_gmt":"2017-04-24T15:48:24","slug":"dialog-masasi-bid-foyer","status":"publish","type":"post","link":"https:\/\/www.turkseunie.be\/official\/faaliyetlerimiz\/dialog-masasi-bid-foyer\/","title":{"rendered":"Dialog Masas\u0131 BID Foyer"},"content":{"rendered":"<p>Foyer vzw ile Diyalog masas\u0131. Diyalog ko&ccedil;u Rein Callewaert moderat&ouml;rl&uuml;\u011f&uuml;nde. &ldquo;Hareketlendiren Br&uuml;ksel&rdquo; temal\u0131 fikir al\u0131\u015fveri\u015fi. Brussel@turkseunie.be adresinden yaz\u0131l\u0131m m&uuml;mk&uuml;n.<\/p>\n<p>organisat&ouml;rler: Bel&ccedil;ika T&uuml;rk Dernekleri Birli\u011fi, Papatya Derne\u011fi, Action Derne\u011fi, Bel&ccedil;ika Karadenizl\u0131ler Folklor Derne\u011fi, Cultures &#038; Elles, TIKEV vzw, F-Amis. The Konya Dervish Group, Hizmet vzw.<\/p>\n","protected":false},"excerpt":{"rendered":"<p>Foyer vzw ile Diyalog masas\u0131. Diyalog ko&ccedil;u Rein Callewaert moderat&ouml;rl&uuml;\u011f&uuml;nde. &ldquo;Hareketlendiren Br&uuml;ksel&rdquo; temal\u0131 fikir al\u0131\u015fveri\u015fi. Brussel@turkseunie.be adresinden yaz\u0131l\u0131m m&uuml;mk&uuml;n. organisat&ouml;rler: Bel&ccedil;ika T&uuml;rk Dernekleri Birli\u011fi, Papatya Derne\u011fi, Action Derne\u011fi, Bel&ccedil;ika Karadenizl\u0131ler Folklor Derne\u011fi, Cultures &#038; Elles, TIKEV vzw, F-Amis. The Konya Dervish Group, Hizmet vzw.<\/p>\n","protected":false},"author":1,"featured_media":2000,"comment_status":"closed","ping_status":"closed","sticky":false,"template":"","format":"standard","meta":{"footnotes":""},"categories":[19,25,22,1,27,20,21,18],"tags":[],"post-meta-fields":{"_thumbnail_id":["2000"]},"_links":{"self":[{"href":"https:\/\/www.turkseunie.be\/official\/wp-json\/wp\/v2\/posts\/1695"}],"collection":[{"href":"https:\/\/www.turkseunie.be\/official\/wp-json\/wp\/v2\/posts"}],"about":[{"href":"https:\/\/www.turkseunie.be\/official\/wp-json\/wp\/v2\/types\/post"}],"author":[{"embeddable":true,"href":"https:\/\/www.turkseunie.be\/official\/wp-json\/wp\/v2\/users\/1"}],"replies":[{"embeddable":true,"href":"https:\/\/www.turkseunie.be\/official\/wp-json\/wp\/v2\/comments?post=1695"}],"version-history":[{"count":0,"href":"https:\/\/www.turkseunie.be\/official\/wp-json\/wp\/v2\/posts\/1695\/revisions"}],"wp:featuredmedia":[{"embeddable":true,"href":"https:\/\/www.turkseunie.be\/official\/wp-json\/wp\/v2\/media\/2000"}],"wp:attachment":[{"href":"https:\/\/www.turkseunie.be\/official\/wp-json\/wp\/v2\/media?parent=1695"}],"wp:term":[{"taxonomy":"category","embeddable":true,"href":"https:\/\/www.turkseunie.be\/official\/wp-json\/wp\/v2\/categories?post=1695"},{"taxonomy":"post_tag","embeddable":true,"href":"https:\/\/www.turkseunie.be\/official\/wp-json\/wp\/v2\/tags?post=1695"}],"curies":[{"name":"wp","href":"https:\/\/api.w.org\/{rel}","templated":true}]}}