{"id":1693,"date":"2017-04-13T16:44:39","date_gmt":"2017-04-13T16:44:39","guid":{"rendered":"http:\/\/turkseunie.be\/official\/?p=1693"},"modified":"2017-04-13T16:44:39","modified_gmt":"2017-04-13T16:44:39","slug":"topakev-sira-gecesi-2017","status":"publish","type":"post","link":"https:\/\/www.turkseunie.be\/official\/faaliyetlerimiz\/topakev-sira-gecesi-2017\/","title":{"rendered":"Topakev S\u0131ra Gecesi 2017"},"content":{"rendered":"<p><strong>TOPAKEV MED\u0130A BR&Uuml;KSEL&#8217;DE &#8216;SIRA GECES\u0130&#8217; D&Uuml;ZENLED\u0130<\/strong><\/p>\n<p>Anadolu K&uuml;lt&uuml;r&uuml;n&uuml;n Avrupa&#8217;da gelecek ku\u015faklara ta\u015f\u0131nmas\u0131nda k&uuml;lt&uuml;rel faliyetleri ile 2011 y\u0131l\u0131ndan bu tarafa Br&uuml;ksel&#8217;de &ccedil;e\u015fitli k&uuml;lt&uuml;rel etkinliklerin yan\u0131 s\u0131ra sosyal etkinlikleri ile de dikkatleri &ccedil;eken Topakev media asbl Br&uuml;ksel&#8217;de Emirda\u011fl\u0131 Halk Ozan\u0131 Fak\u0131 Edeer, Halk A\u015f\u0131\u011f\u0131 Dost Kamil ve yazd\u0131\u011f\u0131 hiciv \u015fiirleri ile Avrupa&#8217;da b&uuml;y&uuml;k &uuml;ne sahip \u015eair Hakiki Kabak&ccedil;\u0131&#8217;n\u0131n kat\u0131ld\u0131\u011f\u0131 &#8216;Topakev S\u0131ra Gecesi&#8217; d&uuml;zenledi.<br \/>&#8220;Topakev S\u0131ra Gecesi&#8217;ne&#8221; ba\u015fta Br&uuml;ksel ba\u015fkonsolosumuzun de\u011ferli e\u015fleri Adem Karao\u011flu, Br&uuml;ksel milletvekilleri \u015eevket Temiz ve Hasan Koyuncu olmak &uuml;zere Turkse Unie Federasyonu ba\u015fkan\u0131 R\u0131fat Can, \u0130HH Bel&ccedil;ika Ba\u015fkan\u0131 Ali Ali Koc, F-amis Br&uuml;ksel aile dan\u0131\u015fma merkezi m&uuml;d&uuml;r&uuml; Tekin Deniz, olmak &uuml;zere &ccedil;ok say\u0131da davetli kat\u0131ld\u0131.<br \/><strong>SA\u011eLAM: K&Uuml;LT&Uuml;R&Uuml;M&Uuml;Z&Uuml; GELECEK KU\u015eAKLARA AKTARMALIYIZ<\/strong><br \/>Topakev Media K&uuml;lt&uuml;r ve Folklor Derne\u011fi Ba\u015fkan\u0131 \u015e&uuml;kr&uuml; Sa\u011flam&#8217;\u0131n &#8220;&#8216;Topakev S\u0131ra Gecesi&#8217; ile i&ccedil;erisinde ya\u015fad\u0131\u011f\u0131m\u0131z Bel&ccedil;ika toplumuna ve gelecek ku\u015faklar\u0131m\u0131za T&uuml;rk K&uuml;lt&uuml;r,adet ve &ouml;rflerini tan\u0131t\u0131p, ya\u015fatacak bir ak\u015famda sizlerle birlikte olman\u0131n mutlulu\u011funu ya\u015f\u0131yoruz.&#8221; diyerek konuklar\u0131n\u0131 selamlad\u0131\u011f\u0131 gecede Bel&ccedil;ika T&uuml;rk Dernekleri Birli\u011fi (T&uuml;rkse Unie)ba\u015fkan\u0131 R\u0131fat Can&#8217;da bir selamlama konu\u015fmas\u0131 yapt\u0131.<br \/><strong>RIFAT CAN: BU T&Uuml;R GECELER ARTARAK S&Uuml;RD&Uuml;R&Uuml;LS&Uuml;N<\/strong><br \/>Can, yapt\u0131\u011f\u0131 konu\u015fmada&#8221; Bel&ccedil;ika T&uuml;rk Dernekler Birli\u011fi olarak Bel&ccedil;ika&rsquo;da ya\u015fayan T&uuml;rk toplumunun sosyal, k&uuml;lt&uuml;rel bir &ccedil;ok meseleleri ile yakinen ilgilenmeye, onlara destek olmaya,milli ve manevi de\u011ferlerimiz ba\u015fta olmak &uuml;zere k&uuml;lt&uuml;r&uuml;m&uuml;z&uuml;n, dilimizin,ya\u015fat\u0131lmas\u0131 ve gelecek nesillere aktar\u0131lmas\u0131 i&ccedil;in elimizden gelen gayreti g&ouml;steriyoruz. Bel&ccedil;ika&rsquo;da de\u011ferli, yazarlar\u0131m\u0131z, \u015faiirlerimiz, halk ozanlar\u0131m\u0131z, s&ouml;z &uuml;stadlar\u0131m\u0131z var. Bunlar\u0131n malasef k\u0131ymetini bilemiyoruz,belkide bir &ccedil;o\u011funu tan\u0131m\u0131yoruz bile, onlar\u0131n kendilerini bizler arac\u0131l\u0131\u011f\u0131 ile tan\u0131tmalar\u0131 gerekiyor,bu gece ile birlikte gelecek g&uuml;nlerde di\u011fer \u015fair ve ozanlar\u0131nda kat\u0131l\u0131m\u0131 ile bu t&uuml;r g&uuml;n ve gecelerin devam ettirilmesi gerekiyor.Biz kendilerine her zaman katk\u0131 sunmaya devam etmeyi \u015fimdiden taahh&uuml;t ediyoruz.&rdquo; diyerek konuklar\u0131 selamlad\u0131.<br \/><strong>ADEM KARAO\u011eLU:B&Uuml;Y&Uuml;K KEY\u0130F ALDIM<\/strong><br \/>Br&uuml;ksel Ba\u015fkonsolosunun e\u015fi, ayn\u0131 zamanda bir e\u011fitimci olan Adem Karao\u011flu&#8217;da geceye kat\u0131l\u0131m\u0131ndan dolay\u0131 memnuniyetini &#8220;&Ouml;ncelikle b&ouml;yle bir geceye kat\u0131ld\u0131\u011f\u0131m i&ccedil;in &ccedil;ok mutlu oldum, Bu ak\u015famdan &ccedil;ok keyif ald\u0131m, umar\u0131m sizlerde ilerleyen saatlerde daha &ccedil;ok keyif al\u0131rs\u0131n\u0131z&rdquo; s&ouml;zleri ile dile getirdi.<br \/>Emirda\u011fl\u0131 Halk Ozan\u0131 Fak\u0131 Edeer, Halk A\u015f\u0131\u011f\u0131 Dost Kamil&nbsp; sazlar\u0131 ve s&ouml;zleri ile yazd\u0131\u011f\u0131 hiciv \u015fiirleri ile Avrupa&#8217;da b&uuml;y&uuml;k &uuml;ne sahip \u015eair Hakiki Kabak&ccedil;\u0131&#8217;da davetli misafirlere bas\u0131l\u0131 eserlerinden &ccedil;e\u015fitli \u015fiirlerinden &ouml;rnekler sundular.<br \/>Topakev Media ve K&uuml;lt&uuml;r Folklor Derne\u011finin d&uuml;zenledi\u011fi &#8216;S\u0131ra Gecesi&#8217;ne&#8217; katk\u0131lar\u0131ndan dolay\u0131 Emirda\u011fl\u0131 Halk Ozan\u0131 Fak\u0131 Edeer, Halk A\u015f\u0131\u011f\u0131 Dost Kamil,\u015eair Hakiki Kabak&ccedil;\u0131&#8217;ya Br&uuml;ksel ba\u015fkonsolosu e\u015fi Adem Karao\u011flu,T&uuml;rkse Unie ba\u015fkan\u0131 R\u0131fat Can ve Famis dernek m&uuml;d&uuml;r&uuml; Tekin Deniz ile birlikte \u015e&uuml;kr&uuml; Sa\u011flam g&uuml;n&uuml;n an\u0131s\u0131na birer plaket arma\u011fan ettiler.<br \/>Gecenin ilerleyen saatlerinde &#8216;\u015fark k&ouml;\u015fesi&#8217;nde t&uuml;rk&uuml;ler ve \u015fiirler e\u015fli\u011finde devam eden &#8216;S\u0131ra Gecesi&#8217; T&uuml;rk mutfa\u011f\u0131n\u0131n e\u015fsiz lezzetlerinden &#8216;&Ccedil;i\u011f K&ouml;fte&#8217; Fatih Korkmaz usta taraf\u0131ndan haz\u0131rlan\u0131p konuklara ayran e\u015fli\u011finde ikram edildi.<br \/>Gecenin s&uuml;prizi ise Famis dernek m&uuml;d&uuml;r&uuml; Tekin Deniz taraf\u0131ndan ger&ccedil;ekle\u015ftirildi. Deniz, T&uuml;rk bayra\u011f\u0131n\u0131 &ouml;perek &Ccedil;anakkale T&uuml;rk&uuml;s&uuml;&rsquo;n&uuml; vatan\u0131m\u0131z u\u011fruna canlar\u0131n\u0131 feda eden t&uuml;m \u015fehitlerimize arma\u011fan ederek okudu.<br \/>Gece &ouml;n&uuml;m&uuml;zdeki g&uuml;nlerde daha &ccedil;ok gencin kat\u0131l\u0131m\u0131n\u0131n olaca\u011f\u0131 bir gece temennisi ve hat\u0131ra foto\u011fraf\u0131 &ccedil;ekimi ile sonland\u0131.<br \/>Emirda\u011fl\u0131 Halk Ozan\u0131 Fak\u0131 Edeer, Halk A\u015f\u0131\u011f\u0131 Dost Kamil ve yazd\u0131\u011f\u0131 hiciv \u015fiirleri ile Avrupa&#8217;da b&uuml;y&uuml;k &uuml;ne sahip \u015eair Hakiki Kabak&ccedil;\u0131&#8217;n\u0131n kat\u0131ld\u0131\u011f\u0131 &#8216;Topakev S\u0131ra Gecesi&#8217;nde okudu\u011fu T&uuml;rk&uuml; ve \u015fiirlerin tamam\u0131n\u0131 a\u015fa\u011f\u0131daki video&rsquo;dan izleyebilirsiniz.<strong>&nbsp;<\/strong><\/p>\n<p>Haber Foto\u011fraflar\u0131 i&ccedil;in L&uuml;tfen Linki t\u0131klay\u0131n\u0131z<\/p>\n<p><a href=\"https:\/\/www.facebook.com\/media\/set\/?set=a.10154788904762912.1073741828.257038412911&#038;type=1&#038;l=00f5d83e8a\">https:\/\/www.facebook.com\/media\/set\/?set=a.10154788904762912.1073741828.257038412911&#038;type=1&#038;l=00f5d83e8a<\/a><\/p>\n<p>Youtube video linki<\/p>\n<p><strong><a href=\"https:\/\/youtu.be\/haKWk8OEpFQ\">https:\/\/youtu.be\/haKWk8OEpFQ<\/a><\/strong><\/p>\n<p>&nbsp;<\/p>\n<div class=\"span-8 last multi-image-container\">            <!-- image multi_lir --><\/p>\n<div class=\"span-2 multi-image-thumb\">    <a href=\"http:\/\/www.turkseunie.be\/uploads\/images\/17\/04\/11\/18\/44\/1704111844_0_15_955528\/170411184443_0_15_955528_o.jpg\" rel=\"prettyPhoto[pp-gallery]\"><img decoding=\"async\" src=\"http:\/\/www.turkseunie.be\/uploads\/images\/17\/04\/11\/18\/44\/1704111844_0_15_955528\/170411184443_0_15_955528_t.jpg\" alt=\"Turkse Unie\"><\/a><\/div>\n<p><!-- image multi_lir --><\/p>\n<div class=\"span-2 multi-image-thumb\">    <a href=\"http:\/\/www.turkseunie.be\/uploads\/images\/17\/04\/11\/18\/54\/1704111854_0_2_640483\/170411185403_0_2_640483_o.jpg\" rel=\"prettyPhoto[pp-gallery]\"><img decoding=\"async\" src=\"http:\/\/www.turkseunie.be\/uploads\/images\/17\/04\/11\/18\/54\/1704111854_0_2_640483\/170411185403_0_2_640483_t.jpg\" alt=\"Turkse Unie\"><\/a><\/div>\n<p><!-- image multi_lir --><\/p>\n<div class=\"span-2 multi-image-thumb\">    <a href=\"http:\/\/www.turkseunie.be\/uploads\/images\/17\/04\/11\/18\/44\/1704111844_0_14_980206\/170411184442_0_14_980206_o.jpg\" rel=\"prettyPhoto[pp-gallery]\"><img decoding=\"async\" src=\"http:\/\/www.turkseunie.be\/uploads\/images\/17\/04\/11\/18\/44\/1704111844_0_14_980206\/170411184442_0_14_980206_t.jpg\" alt=\"Turkse Unie\"><\/a><\/div>\n<p><!-- image multi_lir --><\/p>\n<div class=\"span-2 last multi-image-thumb\">    <a href=\"http:\/\/www.turkseunie.be\/uploads\/images\/17\/04\/11\/18\/44\/1704111844_0_12_969330\/170411184441_0_12_969330_o.jpg\" rel=\"prettyPhoto[pp-gallery]\"><img decoding=\"async\" src=\"http:\/\/www.turkseunie.be\/uploads\/images\/17\/04\/11\/18\/44\/1704111844_0_12_969330\/170411184441_0_12_969330_t.jpg\" alt=\"Turkse Unie\"><\/a><\/div>\n<p><!-- image multi_lir --><\/p>\n<div class=\"span-2 multi-image-thumb\">    <a href=\"http:\/\/www.turkseunie.be\/uploads\/images\/17\/04\/11\/18\/44\/1704111844_0_10_117544\/170411184440_0_10_117544_o.jpg\" rel=\"prettyPhoto[pp-gallery]\"><img decoding=\"async\" src=\"http:\/\/www.turkseunie.be\/uploads\/images\/17\/04\/11\/18\/44\/1704111844_0_10_117544\/170411184440_0_10_117544_t.jpg\" alt=\"Turkse Unie\"><\/a><\/div>\n<p><!-- image multi_lir --><\/p>\n<div class=\"span-2 multi-image-thumb\">    <a href=\"http:\/\/www.turkseunie.be\/uploads\/images\/17\/04\/11\/18\/44\/1704111844_0_11_079075\/170411184440_0_11_079075_o.jpg\" rel=\"prettyPhoto[pp-gallery]\"><img decoding=\"async\" src=\"http:\/\/www.turkseunie.be\/uploads\/images\/17\/04\/11\/18\/44\/1704111844_0_11_079075\/170411184440_0_11_079075_t.jpg\" alt=\"Turkse Unie\"><\/a><\/div>\n<p><!-- image multi_lir --><\/p>\n<div class=\"span-2 multi-image-thumb\">    <a href=\"http:\/\/www.turkseunie.be\/uploads\/images\/17\/04\/11\/18\/44\/1704111844_0_9_395477\/170411184439_0_9_395477_o.jpg\" rel=\"prettyPhoto[pp-gallery]\"><img decoding=\"async\" src=\"http:\/\/www.turkseunie.be\/uploads\/images\/17\/04\/11\/18\/44\/1704111844_0_9_395477\/170411184439_0_9_395477_t.jpg\" alt=\"Turkse Unie\"><\/a><\/div>\n<p><!-- image multi_lir --><\/p>\n<div class=\"span-2 last multi-image-thumb\">    <a href=\"http:\/\/www.turkseunie.be\/uploads\/images\/17\/04\/11\/18\/44\/1704111844_0_7_697253\/170411184438_0_7_697253_o.jpg\" rel=\"prettyPhoto[pp-gallery]\"><img decoding=\"async\" src=\"http:\/\/www.turkseunie.be\/uploads\/images\/17\/04\/11\/18\/44\/1704111844_0_7_697253\/170411184438_0_7_697253_t.jpg\" alt=\"Turkse Unie\"><\/a><\/div>\n<p><!-- image multi_lir --><\/p>\n<div class=\"span-2 multi-image-thumb\">    <a href=\"http:\/\/www.turkseunie.be\/uploads\/images\/17\/04\/11\/18\/44\/1704111844_0_8_262704\/170411184438_0_8_262704_o.jpg\" rel=\"prettyPhoto[pp-gallery]\"><img decoding=\"async\" src=\"http:\/\/www.turkseunie.be\/uploads\/images\/17\/04\/11\/18\/44\/1704111844_0_8_262704\/170411184438_0_8_262704_t.jpg\" alt=\"Turkse Unie\"><\/a><\/div>\n<p><!-- image multi_lir --><\/p>\n<div class=\"span-2 multi-image-thumb\">    <a href=\"http:\/\/www.turkseunie.be\/uploads\/images\/17\/04\/11\/18\/44\/1704111844_0_6_873845\/170411184437_0_6_873845_o.jpg\" rel=\"prettyPhoto[pp-gallery]\"><img decoding=\"async\" src=\"http:\/\/www.turkseunie.be\/uploads\/images\/17\/04\/11\/18\/44\/1704111844_0_6_873845\/170411184437_0_6_873845_t.jpg\" alt=\"Turkse Unie\"><\/a><\/div>\n<p><!-- image multi_lir --><\/p>\n<div class=\"span-2 multi-image-thumb\">    <a href=\"http:\/\/www.turkseunie.be\/uploads\/images\/17\/04\/11\/18\/44\/1704111844_0_5_155012\/170411184436_0_5_155012_o.jpg\" rel=\"prettyPhoto[pp-gallery]\"><img decoding=\"async\" src=\"http:\/\/www.turkseunie.be\/uploads\/images\/17\/04\/11\/18\/44\/1704111844_0_5_155012\/170411184436_0_5_155012_t.jpg\" alt=\"Turkse Unie\"><\/a><\/div>\n<p><!-- image multi_lir --><\/p>\n<div class=\"span-2 last multi-image-thumb\">    <a href=\"http:\/\/www.turkseunie.be\/uploads\/images\/17\/04\/11\/18\/44\/1704111844_0_3_838444\/170411184435_0_3_838444_o.jpg\" rel=\"prettyPhoto[pp-gallery]\"><img decoding=\"async\" src=\"http:\/\/www.turkseunie.be\/uploads\/images\/17\/04\/11\/18\/44\/1704111844_0_3_838444\/170411184435_0_3_838444_t.jpg\" alt=\"Turkse Unie\"><\/a><\/div>\n<p><!-- image multi_lir --><\/p>\n<div class=\"span-2 multi-image-thumb\">    <a href=\"http:\/\/www.turkseunie.be\/uploads\/images\/17\/04\/11\/18\/44\/1704111844_0_1_089065\/170411184434_0_1_089065_o.jpg\" rel=\"prettyPhoto[pp-gallery]\"><img decoding=\"async\" src=\"http:\/\/www.turkseunie.be\/uploads\/images\/17\/04\/11\/18\/44\/1704111844_0_1_089065\/170411184434_0_1_089065_t.jpg\" alt=\"Turkse Unie\"><\/a><\/div>\n<p><!-- image multi_lir --><\/p>\n<div class=\"span-2 multi-image-thumb\">    <a href=\"http:\/\/www.turkseunie.be\/uploads\/images\/17\/04\/11\/18\/44\/1704111844_0_2_555103\/170411184434_0_2_555103_o.jpg\" rel=\"prettyPhoto[pp-gallery]\"><img decoding=\"async\" src=\"http:\/\/www.turkseunie.be\/uploads\/images\/17\/04\/11\/18\/44\/1704111844_0_2_555103\/170411184434_0_2_555103_t.jpg\" alt=\"Turkse Unie\"><\/a><\/div>\n<p><!-- image multi_lir --><\/p>\n<div class=\"span-2 multi-image-thumb\">    <a href=\"http:\/\/www.turkseunie.be\/uploads\/images\/17\/04\/11\/18\/44\/1704111844_0_13_819539\/170411184442_0_13_819539_o.jpg\" rel=\"prettyPhoto[pp-gallery]\"><img decoding=\"async\" src=\"http:\/\/www.turkseunie.be\/uploads\/images\/17\/04\/11\/18\/44\/1704111844_0_13_819539\/170411184442_0_13_819539_t.jpg\" alt=\"Turkse Unie\"><\/a><\/div>\n<p><!-- image multi_lir --><\/p>\n<div class=\"span-2 last multi-image-thumb\">    <a href=\"http:\/\/www.turkseunie.be\/uploads\/images\/17\/04\/11\/18\/54\/1704111854_0_1_247471\/170411185402_0_1_247471_o.jpg\" rel=\"prettyPhoto[pp-gallery]\"><img decoding=\"async\" src=\"http:\/\/www.turkseunie.be\/uploads\/images\/17\/04\/11\/18\/54\/1704111854_0_1_247471\/170411185402_0_1_247471_t.jpg\" alt=\"Turkse Unie\"><\/a><\/div>\n<\/p><\/div>\n","protected":false},"excerpt":{"rendered":"<p>TOPAKEV MED\u0130A BR&Uuml;KSEL&#8217;DE &#8216;SIRA GECES\u0130&#8217; D&Uuml;ZENLED\u0130 Anadolu K&uuml;lt&uuml;r&uuml;n&uuml;n Avrupa&#8217;da gelecek ku\u015faklara ta\u015f\u0131nmas\u0131nda k&uuml;lt&uuml;rel faliyetleri ile 2011 y\u0131l\u0131ndan bu tarafa Br&uuml;ksel&#8217;de &ccedil;e\u015fitli k&uuml;lt&uuml;rel etkinliklerin yan\u0131 s\u0131ra sosyal etkinlikleri ile de dikkatleri &ccedil;eken Topakev media asbl Br&uuml;ksel&#8217;de Emirda\u011fl\u0131 Halk Ozan\u0131 Fak\u0131 Edeer, Halk A\u015f\u0131\u011f\u0131 Dost Kamil ve yazd\u0131\u011f\u0131 hiciv \u015fiirleri ile Avrupa&#8217;da b&uuml;y&uuml;k &uuml;ne sahip \u015eair Hakiki [&hellip;]<\/p>\n","protected":false},"author":1,"featured_media":2002,"comment_status":"closed","ping_status":"closed","sticky":false,"template":"","format":"standard","meta":{"footnotes":""},"categories":[22,11,14,1,27],"tags":[],"post-meta-fields":{"_thumbnail_id":["2002"]},"_links":{"self":[{"href":"https:\/\/www.turkseunie.be\/official\/wp-json\/wp\/v2\/posts\/1693"}],"collection":[{"href":"https:\/\/www.turkseunie.be\/official\/wp-json\/wp\/v2\/posts"}],"about":[{"href":"https:\/\/www.turkseunie.be\/official\/wp-json\/wp\/v2\/types\/post"}],"author":[{"embeddable":true,"href":"https:\/\/www.turkseunie.be\/official\/wp-json\/wp\/v2\/users\/1"}],"replies":[{"embeddable":true,"href":"https:\/\/www.turkseunie.be\/official\/wp-json\/wp\/v2\/comments?post=1693"}],"version-history":[{"count":0,"href":"https:\/\/www.turkseunie.be\/official\/wp-json\/wp\/v2\/posts\/1693\/revisions"}],"wp:featuredmedia":[{"embeddable":true,"href":"https:\/\/www.turkseunie.be\/official\/wp-json\/wp\/v2\/media\/2002"}],"wp:attachment":[{"href":"https:\/\/www.turkseunie.be\/official\/wp-json\/wp\/v2\/media?parent=1693"}],"wp:term":[{"taxonomy":"category","embeddable":true,"href":"https:\/\/www.turkseunie.be\/official\/wp-json\/wp\/v2\/categories?post=1693"},{"taxonomy":"post_tag","embeddable":true,"href":"https:\/\/www.turkseunie.be\/official\/wp-json\/wp\/v2\/tags?post=1693"}],"curies":[{"name":"wp","href":"https:\/\/api.w.org\/{rel}","templated":true}]}}