{"id":1689,"date":"2017-04-06T19:28:35","date_gmt":"2017-04-06T19:28:35","guid":{"rendered":"http:\/\/turkseunie.be\/official\/?p=1689"},"modified":"2017-04-06T19:28:35","modified_gmt":"2017-04-06T19:28:35","slug":"anvers-bolgesi-yeni-personelimiz-nuriye-deveci","status":"publish","type":"post","link":"https:\/\/www.turkseunie.be\/official\/faaliyetlerimiz\/anvers-bolgesi-yeni-personelimiz-nuriye-deveci\/","title":{"rendered":"Anvers B\u00f6lgesi yeni Personelimiz Nuriye Deveci"},"content":{"rendered":"<p>Belcika T&uuml;rk Dernekleri Birli\u011fi&rsquo;nin Anvers \u015fubesinde yeni personelimiz Nuriye Deveci i\u015fe ba\u015flad\u0131.<\/p>\n<p>Aram\u0131za yeni kat\u0131lan gen&ccedil;, dinamik ve giri\u015fken arkada\u015f\u0131m\u0131z Nuriye bu g&uuml;nden itibaren &uuml;ye derneklerimiz ve Birli\u011fimizin hizmeti i&ccedil;in &ccedil;al\u0131\u015facak. Do\u011fma b&uuml;y&uuml;me Anversli olmas\u0131,&nbsp; Anvers b&ouml;lgesindeki&nbsp; ya\u015fayan insanlar\u0131 ve aktif olan derneklerin bir &ccedil;o\u011funu tan\u0131mas\u0131 da tabiiki herkes i&ccedil;in bir art\u0131 puan.&nbsp;<\/p>\n<p>T&uuml;rk K&uuml;lt&uuml;r&uuml;n&uuml; sevip ya\u015fatan Nuriye bu alanda &ccedil;al\u0131\u015fman\u0131n b&uuml;y&uuml;k sevincini&nbsp; ya\u015famakta toplumumuza bu y&ouml;nde katk\u0131da bulunma iste\u011finde.<\/p>\n<p>\u015eimdiden Anversteki derneklere duyuruyoruz:&nbsp; Size her durumda can\u0131 g&ouml;n&uuml;lden hizmet i&ccedil;in amade olan yeni personelimiz Nuriye Belcika T&uuml;rk Dernekleri Birli\u011fi Anvers \u015fubemizde sizi bekliyor olacak.<\/p>\n<p>&nbsp;<\/p>\n<p>Ho\u015fgeldin Nuriye&nbsp;<\/p>\n<p>&nbsp;<\/p>\n","protected":false},"excerpt":{"rendered":"<p>Belcika T&uuml;rk Dernekleri Birli\u011fi&rsquo;nin Anvers \u015fubesinde yeni personelimiz Nuriye Deveci i\u015fe ba\u015flad\u0131. Aram\u0131za yeni kat\u0131lan gen&ccedil;, dinamik ve giri\u015fken arkada\u015f\u0131m\u0131z Nuriye bu g&uuml;nden itibaren &uuml;ye derneklerimiz ve Birli\u011fimizin hizmeti i&ccedil;in &ccedil;al\u0131\u015facak. Do\u011fma b&uuml;y&uuml;me Anversli olmas\u0131,&nbsp; Anvers b&ouml;lgesindeki&nbsp; ya\u015fayan insanlar\u0131 ve aktif olan derneklerin bir &ccedil;o\u011funu tan\u0131mas\u0131 da tabiiki herkes i&ccedil;in bir art\u0131 puan.&nbsp; T&uuml;rk K&uuml;lt&uuml;r&uuml;n&uuml; [&hellip;]<\/p>\n","protected":false},"author":1,"featured_media":2006,"comment_status":"closed","ping_status":"closed","sticky":false,"template":"","format":"standard","meta":{"footnotes":""},"categories":[19,25,1],"tags":[],"post-meta-fields":{"_thumbnail_id":["2006"]},"_links":{"self":[{"href":"https:\/\/www.turkseunie.be\/official\/wp-json\/wp\/v2\/posts\/1689"}],"collection":[{"href":"https:\/\/www.turkseunie.be\/official\/wp-json\/wp\/v2\/posts"}],"about":[{"href":"https:\/\/www.turkseunie.be\/official\/wp-json\/wp\/v2\/types\/post"}],"author":[{"embeddable":true,"href":"https:\/\/www.turkseunie.be\/official\/wp-json\/wp\/v2\/users\/1"}],"replies":[{"embeddable":true,"href":"https:\/\/www.turkseunie.be\/official\/wp-json\/wp\/v2\/comments?post=1689"}],"version-history":[{"count":0,"href":"https:\/\/www.turkseunie.be\/official\/wp-json\/wp\/v2\/posts\/1689\/revisions"}],"wp:featuredmedia":[{"embeddable":true,"href":"https:\/\/www.turkseunie.be\/official\/wp-json\/wp\/v2\/media\/2006"}],"wp:attachment":[{"href":"https:\/\/www.turkseunie.be\/official\/wp-json\/wp\/v2\/media?parent=1689"}],"wp:term":[{"taxonomy":"category","embeddable":true,"href":"https:\/\/www.turkseunie.be\/official\/wp-json\/wp\/v2\/categories?post=1689"},{"taxonomy":"post_tag","embeddable":true,"href":"https:\/\/www.turkseunie.be\/official\/wp-json\/wp\/v2\/tags?post=1689"}],"curies":[{"name":"wp","href":"https:\/\/api.w.org\/{rel}","templated":true}]}}