{"id":1681,"date":"2017-03-21T17:54:25","date_gmt":"2017-03-21T17:54:25","guid":{"rendered":"http:\/\/turkseunie.be\/official\/?p=1681"},"modified":"2017-03-21T17:54:25","modified_gmt":"2017-03-21T17:54:25","slug":"dunya-tiyatrolar-gunu-2017","status":"publish","type":"post","link":"https:\/\/www.turkseunie.be\/official\/faaliyetlerimiz\/dunya-tiyatrolar-gunu-2017\/","title":{"rendered":"D\u00fcnya Tiyatrolar G\u00fcn\u00fc 2017"},"content":{"rendered":"<p><span style=\"font-size: small;\"><strong>Her y\u0131l d&uuml;nya &ccedil;ap\u0131nda tiyatro gruplar\u0131 taraf\u0131ndan D&uuml;nya Tiyatrolar G&uuml;n&uuml; kutlanmaktad\u0131r. Bu y\u0131lda Bel&ccedil;ika T&uuml;rk Dernekleri Birli\u011fi, Br&uuml;ksel K&uuml;lt&uuml;r ve Tan\u0131tma M&uuml;\u015favirli\u011fi ve T&uuml;rkiye Devlet Tiyatrolar\u0131 M&uuml;d&uuml;rl&uuml;\u011f&uuml;&rsquo;n&uuml;n &nbsp;deste\u011fi ile bu g&uuml;n&uuml; &uuml;ye tiyatro dernekleri ile birlikte kutlayacakt\u0131r.&nbsp;<\/strong><\/span><\/p>\n<p><span style=\"font-size: small;\"><strong> Karde\u015flik Tiyatrosu (KT-Theater), T&uuml;rk Gen&ccedil;lik Tiyatrosu (TGT), Gent T&uuml;rk Tiyatrosu (GTT), Kelebek Perdesi ve Reform Theatre seyircilere ayr\u0131 ayr\u0131 g&ouml;steriler ve ske&ccedil;ler sunacaklard\u0131r.<\/strong><\/span><br \/><span style=\"font-size: small;\"><strong> <\/strong><\/span><\/p>\n<p><span style=\"font-size: small;\"><strong><span>Tiyatro gecemizin konuk sanat&ccedil;\u0131lar\u0131 T&uuml;rkiye&rsquo;den Ankara Devlet Tiyatrolar\u0131 m&uuml;d&uuml;r&uuml; <span style=\"text-decoration: underline;\">Say\u0131n Cebrail Esen<\/span> ve Ankara Devlet Tiyatrolar\u0131 oyuncusu <span style=\"text-decoration: underline;\">Say\u0131n Zeynep Ekin &Ouml;ner &Ouml;zt&uuml;rk.<\/span><\/span><\/strong><\/span><\/p>\n<p>&nbsp;<\/p>\n<p><span style=\"font-size: small;\"><strong>Hepinizi bekleriz. Giri\u015f &Uuml;cretsizdir!!!<\/strong><\/span><\/p>\n<p><span style=\"font-size: small;\"><strong>Tarih: 31\/03\/2017<\/strong><\/span><\/p>\n<p><span style=\"font-size: small;\"><strong>Yer: Schouwburg Genk, Stadsplein 1, 3600 Genk<\/strong><\/span><\/p>\n<p><span style=\"font-size: small;\"><strong>Saat: 20u<\/strong><\/span><\/p>\n<p>&nbsp;<\/p>\n","protected":false},"excerpt":{"rendered":"<p>Her y\u0131l d&uuml;nya &ccedil;ap\u0131nda tiyatro gruplar\u0131 taraf\u0131ndan D&uuml;nya Tiyatrolar G&uuml;n&uuml; kutlanmaktad\u0131r. Bu y\u0131lda Bel&ccedil;ika T&uuml;rk Dernekleri Birli\u011fi, Br&uuml;ksel K&uuml;lt&uuml;r ve Tan\u0131tma M&uuml;\u015favirli\u011fi ve T&uuml;rkiye Devlet Tiyatrolar\u0131 M&uuml;d&uuml;rl&uuml;\u011f&uuml;&rsquo;n&uuml;n &nbsp;deste\u011fi ile bu g&uuml;n&uuml; &uuml;ye tiyatro dernekleri ile birlikte kutlayacakt\u0131r.&nbsp; Karde\u015flik Tiyatrosu (KT-Theater), T&uuml;rk Gen&ccedil;lik Tiyatrosu (TGT), Gent T&uuml;rk Tiyatrosu (GTT), Kelebek Perdesi ve Reform Theatre seyircilere ayr\u0131 [&hellip;]<\/p>\n","protected":false},"author":1,"featured_media":2014,"comment_status":"closed","ping_status":"closed","sticky":false,"template":"","format":"standard","meta":{"footnotes":""},"categories":[19,25,22,1,27,20,21,18],"tags":[],"post-meta-fields":{"_thumbnail_id":["2014"]},"_links":{"self":[{"href":"https:\/\/www.turkseunie.be\/official\/wp-json\/wp\/v2\/posts\/1681"}],"collection":[{"href":"https:\/\/www.turkseunie.be\/official\/wp-json\/wp\/v2\/posts"}],"about":[{"href":"https:\/\/www.turkseunie.be\/official\/wp-json\/wp\/v2\/types\/post"}],"author":[{"embeddable":true,"href":"https:\/\/www.turkseunie.be\/official\/wp-json\/wp\/v2\/users\/1"}],"replies":[{"embeddable":true,"href":"https:\/\/www.turkseunie.be\/official\/wp-json\/wp\/v2\/comments?post=1681"}],"version-history":[{"count":0,"href":"https:\/\/www.turkseunie.be\/official\/wp-json\/wp\/v2\/posts\/1681\/revisions"}],"wp:featuredmedia":[{"embeddable":true,"href":"https:\/\/www.turkseunie.be\/official\/wp-json\/wp\/v2\/media\/2014"}],"wp:attachment":[{"href":"https:\/\/www.turkseunie.be\/official\/wp-json\/wp\/v2\/media?parent=1681"}],"wp:term":[{"taxonomy":"category","embeddable":true,"href":"https:\/\/www.turkseunie.be\/official\/wp-json\/wp\/v2\/categories?post=1681"},{"taxonomy":"post_tag","embeddable":true,"href":"https:\/\/www.turkseunie.be\/official\/wp-json\/wp\/v2\/tags?post=1681"}],"curies":[{"name":"wp","href":"https:\/\/api.w.org\/{rel}","templated":true}]}}