{"id":1680,"date":"2017-03-16T21:49:17","date_gmt":"2017-03-16T21:49:17","guid":{"rendered":"http:\/\/turkseunie.be\/official\/?p=1680"},"modified":"2017-03-16T21:49:17","modified_gmt":"2017-03-16T21:49:17","slug":"denizlililer-dernegi-gonullu-calisanlarla-bowling-oynamaya-gitti","status":"publish","type":"post","link":"https:\/\/www.turkseunie.be\/official\/faaliyetlerimiz\/denizlililer-dernegi-gonullu-calisanlarla-bowling-oynamaya-gitti\/","title":{"rendered":"Denizlililer derne\u011fi g\u00f6n\u00fcll\u00fc \u00e7al\u0131\u015fanlarla bowling oynamaya gitti"},"content":{"rendered":"<p>G&ouml;n&uuml;ll&uuml; &ccedil;al\u0131\u015fanlar derne\u011fe ayakta tututu\u011fu gibi hi&ccedil; bir kuru\u015f talep etmeksizin g&uuml;zel i\u015flerin ger&ccedil;ekle\u015fmesinde &ouml;nemli rol oynuyor. Denizlililer dernegi kendi &nbsp;faaliyetlerinde g&ouml;n&uuml;ll&uuml; &ccedil;al\u0131\u015fanlar\u0131n de\u011ferli yad\u0131mlar\u0131n\u0131 unutmay\u0131p &nbsp;12 mart 2018 tarihinde onlarla birlikte &rsquo; T Kanaaltje da bowling &nbsp;oynamaya gitti.<\/p>\n<p>Bu faaliyetle g&uuml;zel vakit ge&ccedil;irmenin yan\u0131 s\u0131ra dernek y&ouml;netimi insanlar\u0131 biribiriyle tan\u0131\u015ft\u0131rmak, aras\u0131ndaki ileti\u015fimi artt\u0131rmak ve gerekti\u011finde birbirlerini desteklemelerini sa\u011flamak oldugu amac\u0131nda<\/p>\n<p>&nbsp;<\/p>\n<div class=\"span-8 last multi-image-container\">            <!-- image multi_lir --><\/p>\n<div class=\"span-2 multi-image-thumb\">    <a href=\"http:\/\/www.turkseunie.be\/uploads\/images\/17\/03\/16\/17\/46\/1703161746_0_1_685924\/170316174601_0_1_685924_o.jpg\" rel=\"prettyPhoto[pp-gallery]\"><img decoding=\"async\" src=\"http:\/\/www.turkseunie.be\/uploads\/images\/17\/03\/16\/17\/46\/1703161746_0_1_685924\/170316174601_0_1_685924_t.jpg\" alt=\"Turkse Unie\"><\/a><\/div>\n<p><!-- image multi_lir --><\/p>\n<div class=\"span-2 multi-image-thumb\">    <a href=\"http:\/\/www.turkseunie.be\/uploads\/images\/17\/03\/16\/17\/45\/1703161745_0_1_465079\/170316174550_0_1_465079_o.jpg\" rel=\"prettyPhoto[pp-gallery]\"><img decoding=\"async\" src=\"http:\/\/www.turkseunie.be\/uploads\/images\/17\/03\/16\/17\/45\/1703161745_0_1_465079\/170316174550_0_1_465079_t.jpg\" alt=\"Turkse Unie\"><\/a><\/div>\n<p><!-- image multi_lir --><\/p>\n<div class=\"span-2 last multi-image-thumb\">    <a href=\"http:\/\/www.turkseunie.be\/uploads\/images\/17\/03\/16\/17\/46\/1703161746_0_1_685924\/170316174601_0_1_685924_o.jpg\" rel=\"prettyPhoto[pp-gallery]\"><img decoding=\"async\" src=\"http:\/\/www.turkseunie.be\/uploads\/images\/17\/03\/16\/17\/46\/1703161746_0_1_685924\/170316174601_0_1_685924_t.jpg\" alt=\"Turkse Unie\"><\/a><\/div>\n<\/p><\/div>\n","protected":false},"excerpt":{"rendered":"<p>G&ouml;n&uuml;ll&uuml; &ccedil;al\u0131\u015fanlar derne\u011fe ayakta tututu\u011fu gibi hi&ccedil; bir kuru\u015f talep etmeksizin g&uuml;zel i\u015flerin ger&ccedil;ekle\u015fmesinde &ouml;nemli rol oynuyor. Denizlililer dernegi kendi &nbsp;faaliyetlerinde g&ouml;n&uuml;ll&uuml; &ccedil;al\u0131\u015fanlar\u0131n de\u011ferli yad\u0131mlar\u0131n\u0131 unutmay\u0131p &nbsp;12 mart 2018 tarihinde onlarla birlikte &rsquo; T Kanaaltje da bowling &nbsp;oynamaya gitti. Bu faaliyetle g&uuml;zel vakit ge&ccedil;irmenin yan\u0131 s\u0131ra dernek y&ouml;netimi insanlar\u0131 biribiriyle tan\u0131\u015ft\u0131rmak, aras\u0131ndaki ileti\u015fimi artt\u0131rmak ve [&hellip;]<\/p>\n","protected":false},"author":1,"featured_media":2015,"comment_status":"closed","ping_status":"closed","sticky":false,"template":"","format":"standard","meta":{"footnotes":""},"categories":[11,1,20],"tags":[],"post-meta-fields":{"_thumbnail_id":["2015"]},"_links":{"self":[{"href":"https:\/\/www.turkseunie.be\/official\/wp-json\/wp\/v2\/posts\/1680"}],"collection":[{"href":"https:\/\/www.turkseunie.be\/official\/wp-json\/wp\/v2\/posts"}],"about":[{"href":"https:\/\/www.turkseunie.be\/official\/wp-json\/wp\/v2\/types\/post"}],"author":[{"embeddable":true,"href":"https:\/\/www.turkseunie.be\/official\/wp-json\/wp\/v2\/users\/1"}],"replies":[{"embeddable":true,"href":"https:\/\/www.turkseunie.be\/official\/wp-json\/wp\/v2\/comments?post=1680"}],"version-history":[{"count":0,"href":"https:\/\/www.turkseunie.be\/official\/wp-json\/wp\/v2\/posts\/1680\/revisions"}],"wp:featuredmedia":[{"embeddable":true,"href":"https:\/\/www.turkseunie.be\/official\/wp-json\/wp\/v2\/media\/2015"}],"wp:attachment":[{"href":"https:\/\/www.turkseunie.be\/official\/wp-json\/wp\/v2\/media?parent=1680"}],"wp:term":[{"taxonomy":"category","embeddable":true,"href":"https:\/\/www.turkseunie.be\/official\/wp-json\/wp\/v2\/categories?post=1680"},{"taxonomy":"post_tag","embeddable":true,"href":"https:\/\/www.turkseunie.be\/official\/wp-json\/wp\/v2\/tags?post=1680"}],"curies":[{"name":"wp","href":"https:\/\/api.w.org\/{rel}","templated":true}]}}