{"id":1569,"date":"2017-12-15T22:55:26","date_gmt":"2017-12-15T22:55:26","guid":{"rendered":"http:\/\/turkseunie.be\/official\/?p=1569"},"modified":"2017-12-15T22:55:26","modified_gmt":"2017-12-15T22:55:26","slug":"prof-dr-ilber-ortayli-cumhuriyetin-ilk-yuzyili-konferansi","status":"publish","type":"post","link":"https:\/\/www.turkseunie.be\/official\/faaliyetlerimiz\/prof-dr-ilber-ortayli-cumhuriyetin-ilk-yuzyili-konferansi\/","title":{"rendered":"Prof. Dr. \u0130lber Ortayl\u0131; Cumhuriyetin \u0130lk Y\u00fczy\u0131l\u0131 Konferans\u0131"},"content":{"rendered":"<p>15 kas\u0131m 2015 tarihinde Genk C-mine &lsquo;da &nbsp;&lsquo;Cumhuriyetin \u0130lk Y&uuml;zy\u0131l\u0131&rsquo; adl\u0131 konferansta &uuml;nl&uuml; tarih&ccedil;i Prof. Dr. \u0130lber Ortayl\u0131 sevenleriyle bulu\u015ftu.<\/p>\n<p>T&uuml;rk E\u011fitim K&uuml;lt&uuml;r Merkezi, Okul aile birli\u011fi, Anadolu Sahnesi, T&uuml;g&ouml;k ve T&uuml;rk&ccedil;e &ouml;\u011fretmenlerin &ouml;nc&uuml;l&uuml;\u011f&uuml;nde, TIKEV ve Belcika T&uuml;rk Dernekleri Birli\u011fi &ndash; Turkse Unie&rsquo;nin deste\u011fi ile ger&ccedil;ekle\u015fen bu Atat&uuml;rk&rsquo;&uuml; anma etkinli\u011finde Karde\u015flik tiyatrosunun &#8216;\u015eu &Ccedil;\u0131lg\u0131n T&uuml;rkler&#8217; sahne ald\u0131.<\/p>\n<p>Anadolu Sahnesi ba\u015fkan\u0131 Ertan G&uuml;ng&ouml;r program\u0131n sunuculu\u011funu &uuml;stlendi, TEKM ba\u015fkan\u0131 Hakan Celik&ouml;z k\u0131sa bir a&ccedil;\u0131l\u0131\u015f konu\u015fmas\u0131 yapt\u0131. &rsquo;19 may\u0131s 1919&rsquo;da Atat&uuml;rk&rsquo;&uuml;n Samsun&rsquo;a &ccedil;\u0131karak Milli M&uuml;cadeleyi ba\u015flat\u0131p, 29 ekim 1923 tarihinde de &lsquo;T&uuml;rk Milletinin karakterine ve adetlerine en uygun olan idare, Cumhuriyet idaresidir&rsquo; demek sureti ile ilan etti\u011fi Cumhuriyet, T&uuml;rk Milletine b\u0131rak\u0131lm\u0131\u015f en b&uuml;y&uuml;k miras ve vazge&ccedil;ilmez bir de\u011ferdir. Ve bug&uuml;n T&uuml;rkiye Cumhuriyetinin Kurulu\u015funun 92. Y\u0131ld&ouml;n&uuml;m&uuml;n&uuml; KUTLAMAK \u0130&Ccedil;\u0130N B\u0130R ARAYA GELD\u0130K.&rsquo; S&ouml;zlerini bitirmeden, 11 sene evvel arkada\u015flar\u0131 ile birlikte bir bayra\u011f\u0131 devir alan ve T&uuml;rk E\u011fitim ve K&uuml;lt&uuml;r Merkezi ba\u015fkan\u0131 olarak g&ouml;rev yapan Hakan bey bu anlaml\u0131 g&uuml;nde ba\u015fkanl\u0131\u011f\u0131n\u0131 &Ouml;zg&uuml;r BARAN&rsquo;a sahnede teslim etti. Ilber Ortayl\u0131&rsquo;n\u0131n bug&uuml;n burda bulunmas\u0131na sebep olan Atat&uuml;rkc&uuml; D&uuml;\u015f&uuml;nce Derne\u011fi gen&ccedil; kollar\u0131 sorumlusu Osman Ulubey U\u011furlu bey&rsquo;e de ayr\u0131ca te\u015fekk&uuml;rlerini sundu. Son te\u015fekk&uuml;r&uuml;n&uuml; bu vesile ile eme\u011fi gecen herkese ve ba\u011fl\u0131 bulundu\u011fu Bel&ccedil;ika T&uuml;rk Dernekleri Birli\u011fine ve Ba\u015fkan R\u0131fat Can&rsquo;a sundu.<\/p>\n<p>Program\u0131n ba\u015f\u0131nda T&uuml;rk&ccedil;e &ouml;\u011fretmeni, Meryem Akcan&rsquo;n\u0131n&nbsp; Cumhuriyetin kurulu\u015fu ile ilgili slayt show e\u015fli\u011finde \u015fiiri salonda bulunan herkezi b&uuml;\u011f&uuml;ledi. Ard\u0131ndan t&uuml;rkce &ouml;\u011fretmeni Feyyaz Sevin&ccedil;li&rsquo;nin &ouml;\u011frencesi Suada&rsquo;n\u0131n okudu\u011fu \u015fiir herkezi duyguland\u0131rd\u0131.<\/p>\n<p>Ertan G&uuml;ng&ouml;r iki o\u011flu, Batuhan ve Tunahan ile birlikte m&uuml;zikal g&ouml;steride bulundu, &lsquo;Ya\u015fa Mustafa Kemal Pa\u015fa&rsquo; ve &lsquo;Sar\u0131 sa&ccedil;l\u0131m mavi g&ouml;zl&uuml;m neredesin sen&rsquo; t&uuml;rk&uuml;leri ile kat\u0131l\u0131mc\u0131lar\u0131 \u015fenlendirdiler.<\/p>\n<p>Anvers Ba\u015fkonsolosu Metin Ergin&#8217;in de k\u0131sa bir konusmas\u0131 yapt\u0131\u011f\u0131 konferansta, son olarak Ortayl\u0131 T&uuml;rk modernlesmesinde ordunun etkisini, t\u0131p, m&uuml;hendislik ve di\u011fer bilimlerdeki ilerlemelerin Osmanl\u0131&rsquo;daki ordunun modernlesmesiyle ilgili oldu\u011funu, de-militarizasyon s&uuml;re&ccedil;lerinin Avrupa&rsquo;da ya\u015fanabilece\u011fini ancak T&uuml;rkiye&rsquo;de bu &ccedil;abalar\u0131n iyi niyetli olmad\u0131\u011f\u0131n\u0131&nbsp;&nbsp;kaydetti.<\/p>\n<p>\u0130lber Ortayl\u0131 &lsquo;&ccedil;ocuklar\u0131n \u015fiir okumas\u0131 ilerde bu dili g&uuml;zel konu\u015faca\u011f\u0131 anlam\u0131na gelir, &ccedil;ocuklar\u0131n t&uuml;rk&uuml; s&ouml;ylemesi do\u011fru telaffuz yapmas\u0131 anlam\u0131na gelir, ben bu kurulu\u015flar\u0131n bu faaliyeti d&uuml;zenlemesine &ccedil;ok sevindim. Konsolosun burada olmas\u0131 da buradaki halk\u0131n bir olmas\u0131na sa\u011flar&rsquo; diyerek T&uuml;rkiye &lsquo;nin ve Osmanl\u0131 Imparatorlu\u011funun tarihini k\u0131saca anlatmay\u0131 ba\u015flad\u0131.&nbsp;<\/p>\n<p>Konferans k&ouml;y enstit&uuml;leri, kad\u0131n cinayetleri, artan k&uuml;resel ter&ouml;r, cumhuriyetin gelece\u011fi konular\u0131n\u0131 kapsayan&nbsp;&nbsp;soru cevap b&ouml;l&uuml;m&uuml;n&uuml;n ard\u0131ndan sona erdi.<\/p>\n<div class=\"span-8 last multi-image-container\">            <!-- image multi_lir --><\/p>\n<div class=\"span-2 multi-image-thumb\">    <a href=\"http:\/\/www.turkseunie.be\/uploads\/images\/15\/11\/17\/21\/39\/1511172139_0_9_723191\/151117213905_0_9_723191_o.jpg\" rel=\"prettyPhoto[pp-gallery]\"><img decoding=\"async\" src=\"http:\/\/www.turkseunie.be\/uploads\/images\/15\/11\/17\/21\/39\/1511172139_0_9_723191\/151117213905_0_9_723191_t.jpg\" alt=\"Turkse Unie\"><\/a><\/div>\n<p><!-- image multi_lir --><\/p>\n<div class=\"span-2 multi-image-thumb\">    <a href=\"http:\/\/www.turkseunie.be\/uploads\/images\/15\/11\/17\/21\/38\/1511172138_0_7_234419\/151117213858_0_7_234419_o.jpg\" rel=\"prettyPhoto[pp-gallery]\"><img decoding=\"async\" src=\"http:\/\/www.turkseunie.be\/uploads\/images\/15\/11\/17\/21\/38\/1511172138_0_7_234419\/151117213858_0_7_234419_t.jpg\" alt=\"Turkse Unie\"><\/a><\/div>\n<p><!-- image multi_lir --><\/p>\n<div class=\"span-2 multi-image-thumb\">    <a href=\"http:\/\/www.turkseunie.be\/uploads\/images\/15\/11\/17\/21\/38\/1511172138_0_1_447060\/151117213850_0_1_447060_o.jpg\" rel=\"prettyPhoto[pp-gallery]\"><img decoding=\"async\" src=\"http:\/\/www.turkseunie.be\/uploads\/images\/15\/11\/17\/21\/38\/1511172138_0_1_447060\/151117213850_0_1_447060_t.jpg\" alt=\"Turkse Unie\"><\/a><\/div>\n<p><!-- image multi_lir --><\/p>\n<div class=\"span-2 last multi-image-thumb\">    <a href=\"http:\/\/www.turkseunie.be\/uploads\/images\/15\/11\/17\/21\/38\/1511172138_0_6_660658\/151117213856_0_6_660658_o.jpg\" rel=\"prettyPhoto[pp-gallery]\"><img decoding=\"async\" src=\"http:\/\/www.turkseunie.be\/uploads\/images\/15\/11\/17\/21\/38\/1511172138_0_6_660658\/151117213856_0_6_660658_t.jpg\" alt=\"Turkse Unie\"><\/a><\/div>\n<p><!-- image multi_lir --><\/p>\n<div class=\"span-2 multi-image-thumb\">    <a href=\"http:\/\/www.turkseunie.be\/uploads\/images\/15\/11\/17\/21\/38\/1511172138_0_5_808483\/151117213855_0_5_808483_o.jpg\" rel=\"prettyPhoto[pp-gallery]\"><img decoding=\"async\" src=\"http:\/\/www.turkseunie.be\/uploads\/images\/15\/11\/17\/21\/38\/1511172138_0_5_808483\/151117213855_0_5_808483_t.jpg\" alt=\"Turkse Unie\"><\/a><\/div>\n<p><!-- image multi_lir --><\/p>\n<div class=\"span-2 multi-image-thumb\">    <a href=\"http:\/\/www.turkseunie.be\/uploads\/images\/15\/11\/17\/21\/38\/1511172138_0_2_493274\/151117213852_0_2_493274_o.jpg\" rel=\"prettyPhoto[pp-gallery]\"><img decoding=\"async\" src=\"http:\/\/www.turkseunie.be\/uploads\/images\/15\/11\/17\/21\/38\/1511172138_0_2_493274\/151117213852_0_2_493274_t.jpg\" alt=\"Turkse Unie\"><\/a><\/div>\n<p><!-- image multi_lir --><\/p>\n<div class=\"span-2 multi-image-thumb\">    <a href=\"http:\/\/www.turkseunie.be\/uploads\/images\/15\/11\/17\/21\/38\/1511172138_0_4_924747\/151117213854_0_4_924747_o.jpg\" rel=\"prettyPhoto[pp-gallery]\"><img decoding=\"async\" src=\"http:\/\/www.turkseunie.be\/uploads\/images\/15\/11\/17\/21\/38\/1511172138_0_4_924747\/151117213854_0_4_924747_t.jpg\" alt=\"Turkse Unie\"><\/a><\/div>\n<p><!-- image multi_lir --><\/p>\n<div class=\"span-2 last multi-image-thumb\">    <a href=\"http:\/\/www.turkseunie.be\/uploads\/images\/15\/11\/17\/21\/39\/1511172139_0_10_432796\/151117213906_0_10_432796_o.jpg\" rel=\"prettyPhoto[pp-gallery]\"><img decoding=\"async\" src=\"http:\/\/www.turkseunie.be\/uploads\/images\/15\/11\/17\/21\/39\/1511172139_0_10_432796\/151117213906_0_10_432796_t.jpg\" alt=\"Turkse Unie\"><\/a><\/div>\n<\/p><\/div>\n","protected":false},"excerpt":{"rendered":"<p>15 kas\u0131m 2015 tarihinde Genk C-mine &lsquo;da &nbsp;&lsquo;Cumhuriyetin \u0130lk Y&uuml;zy\u0131l\u0131&rsquo; adl\u0131 konferansta &uuml;nl&uuml; tarih&ccedil;i Prof. Dr. \u0130lber Ortayl\u0131 sevenleriyle bulu\u015ftu. T&uuml;rk E\u011fitim K&uuml;lt&uuml;r Merkezi, Okul aile birli\u011fi, Anadolu Sahnesi, T&uuml;g&ouml;k ve T&uuml;rk&ccedil;e &ouml;\u011fretmenlerin &ouml;nc&uuml;l&uuml;\u011f&uuml;nde, TIKEV ve Belcika T&uuml;rk Dernekleri Birli\u011fi &ndash; Turkse Unie&rsquo;nin deste\u011fi ile ger&ccedil;ekle\u015fen bu Atat&uuml;rk&rsquo;&uuml; anma etkinli\u011finde Karde\u015flik tiyatrosunun &#8216;\u015eu &Ccedil;\u0131lg\u0131n T&uuml;rkler&#8217; [&hellip;]<\/p>\n","protected":false},"author":1,"featured_media":2126,"comment_status":"closed","ping_status":"closed","sticky":false,"template":"","format":"standard","meta":{"footnotes":""},"categories":[25,1,27,20],"tags":[],"post-meta-fields":{"_thumbnail_id":["2126"]},"_links":{"self":[{"href":"https:\/\/www.turkseunie.be\/official\/wp-json\/wp\/v2\/posts\/1569"}],"collection":[{"href":"https:\/\/www.turkseunie.be\/official\/wp-json\/wp\/v2\/posts"}],"about":[{"href":"https:\/\/www.turkseunie.be\/official\/wp-json\/wp\/v2\/types\/post"}],"author":[{"embeddable":true,"href":"https:\/\/www.turkseunie.be\/official\/wp-json\/wp\/v2\/users\/1"}],"replies":[{"embeddable":true,"href":"https:\/\/www.turkseunie.be\/official\/wp-json\/wp\/v2\/comments?post=1569"}],"version-history":[{"count":0,"href":"https:\/\/www.turkseunie.be\/official\/wp-json\/wp\/v2\/posts\/1569\/revisions"}],"wp:featuredmedia":[{"embeddable":true,"href":"https:\/\/www.turkseunie.be\/official\/wp-json\/wp\/v2\/media\/2126"}],"wp:attachment":[{"href":"https:\/\/www.turkseunie.be\/official\/wp-json\/wp\/v2\/media?parent=1569"}],"wp:term":[{"taxonomy":"category","embeddable":true,"href":"https:\/\/www.turkseunie.be\/official\/wp-json\/wp\/v2\/categories?post=1569"},{"taxonomy":"post_tag","embeddable":true,"href":"https:\/\/www.turkseunie.be\/official\/wp-json\/wp\/v2\/tags?post=1569"}],"curies":[{"name":"wp","href":"https:\/\/api.w.org\/{rel}","templated":true}]}}