{"id":1557,"date":"2015-10-07T18:34:59","date_gmt":"2015-10-07T18:34:59","guid":{"rendered":"http:\/\/turkseunie.be\/official\/?p=1557"},"modified":"2015-10-07T18:34:59","modified_gmt":"2015-10-07T18:34:59","slug":"sayin-sait-kosenin-federasyonumuzun-gent-subesine-ziyareti","status":"publish","type":"post","link":"https:\/\/www.turkseunie.be\/official\/faaliyetlerimiz\/sayin-sait-kosenin-federasyonumuzun-gent-subesine-ziyareti\/","title":{"rendered":"Say\u0131n Sait K\u00f6se\u2019nin federasyonumuzun Gent  \u015fubesine ziyareti"},"content":{"rendered":"<p><strong>Br&uuml;ksel Schaarbeeck Enc&uuml;meni Sait K&ouml;se 5 Ekim 2015 Pazartesi g&uuml;n&uuml; Bel&ccedil;ika T&uuml;rk Dernekleri Birli\u011fi&rsquo;ni (BTDB) ziyaret etti.<\/strong><\/p>\n<p>BTDB Gent koordinat&ouml;r&uuml; Saban G&ouml;k ve &ccedil;al\u0131\u015fanlar\u0131 Hatice Karakaya ve Hakan S&ouml;nmez ile beraber toplant\u0131 yap\u0131p kar\u015f\u0131l\u0131kl\u0131 bilgi al\u0131\u015fveri\u015finde bulundular.<\/p>\n<p>BTDB&rsquo;nin yapt\u0131\u011f\u0131 hizmetler ve projeler konusunda bilgilendirilen Schaarbeek Enc&uuml;meni Sait Kose, BTDB&rsquo;ye yapt\u0131\u011f\u0131 ziyaretten dolay\u0131 memnun kald\u0131\u011f\u0131n\u0131 dile getirdi ve birlikte ortak proje ve &ccedil;al\u0131\u015fmalar konusunda anla\u015fmaya vard\u0131lar.<\/p>\n","protected":false},"excerpt":{"rendered":"<p>Br&uuml;ksel Schaarbeeck Enc&uuml;meni Sait K&ouml;se 5 Ekim 2015 Pazartesi g&uuml;n&uuml; Bel&ccedil;ika T&uuml;rk Dernekleri Birli\u011fi&rsquo;ni (BTDB) ziyaret etti. BTDB Gent koordinat&ouml;r&uuml; Saban G&ouml;k ve &ccedil;al\u0131\u015fanlar\u0131 Hatice Karakaya ve Hakan S&ouml;nmez ile beraber toplant\u0131 yap\u0131p kar\u015f\u0131l\u0131kl\u0131 bilgi al\u0131\u015fveri\u015finde bulundular. BTDB&rsquo;nin yapt\u0131\u011f\u0131 hizmetler ve projeler konusunda bilgilendirilen Schaarbeek Enc&uuml;meni Sait Kose, BTDB&rsquo;ye yapt\u0131\u011f\u0131 ziyaretten dolay\u0131 memnun kald\u0131\u011f\u0131n\u0131 dile [&hellip;]<\/p>\n","protected":false},"author":1,"featured_media":2138,"comment_status":"closed","ping_status":"closed","sticky":false,"template":"","format":"standard","meta":{"footnotes":""},"categories":[25,1,21],"tags":[],"post-meta-fields":{"_thumbnail_id":["2138"]},"_links":{"self":[{"href":"https:\/\/www.turkseunie.be\/official\/wp-json\/wp\/v2\/posts\/1557"}],"collection":[{"href":"https:\/\/www.turkseunie.be\/official\/wp-json\/wp\/v2\/posts"}],"about":[{"href":"https:\/\/www.turkseunie.be\/official\/wp-json\/wp\/v2\/types\/post"}],"author":[{"embeddable":true,"href":"https:\/\/www.turkseunie.be\/official\/wp-json\/wp\/v2\/users\/1"}],"replies":[{"embeddable":true,"href":"https:\/\/www.turkseunie.be\/official\/wp-json\/wp\/v2\/comments?post=1557"}],"version-history":[{"count":0,"href":"https:\/\/www.turkseunie.be\/official\/wp-json\/wp\/v2\/posts\/1557\/revisions"}],"wp:featuredmedia":[{"embeddable":true,"href":"https:\/\/www.turkseunie.be\/official\/wp-json\/wp\/v2\/media\/2138"}],"wp:attachment":[{"href":"https:\/\/www.turkseunie.be\/official\/wp-json\/wp\/v2\/media?parent=1557"}],"wp:term":[{"taxonomy":"category","embeddable":true,"href":"https:\/\/www.turkseunie.be\/official\/wp-json\/wp\/v2\/categories?post=1557"},{"taxonomy":"post_tag","embeddable":true,"href":"https:\/\/www.turkseunie.be\/official\/wp-json\/wp\/v2\/tags?post=1557"}],"curies":[{"name":"wp","href":"https:\/\/api.w.org\/{rel}","templated":true}]}}