{"id":1556,"date":"2015-10-02T16:03:10","date_gmt":"2015-10-02T16:03:10","guid":{"rendered":"http:\/\/turkseunie.be\/official\/?p=1556"},"modified":"2015-10-02T16:03:10","modified_gmt":"2015-10-02T16:03:10","slug":"beringen-turkse-fc-de-is-arayanlara-bilgilendirme-gunu-duzenlendi","status":"publish","type":"post","link":"https:\/\/www.turkseunie.be\/official\/faaliyetlerimiz\/beringen-turkse-fc-de-is-arayanlara-bilgilendirme-gunu-duzenlendi\/","title":{"rendered":"Beringen Turkse FC de I\u015f arayanlara bilgilendirme g\u00fcn\u00fc d\u00fczenlendi"},"content":{"rendered":"<p>Bel&ccedil;ika T&uuml;rk dernekleri Birli\u011fi 1 ekim 2015 tarihinde Beringen T&uuml;rk g&uuml;c&uuml; futbol klubunun salonunda i\u015farayanlara bilgilendirme g&uuml;n&uuml; d&uuml;zenlendi. G&uuml;ne 19 ila 28 ya\u015f aras\u0131nda gen&ccedil;ler &nbsp;kat\u0131ld\u0131.<\/p>\n<p>\u0130\u015f arayanlara i\u015f bulma projesi hakk\u0131nda bilgi verildi ve ard\u0131ndan soru cevap olarak devam etti.<\/p>\n<p>Projenin amac\u0131:<\/p>\n<p>\u0130\u015f alan\u0131nda vatanda\u015flar\u0131m\u0131za e\u015fit haklara sahip olmalar\u0131n\u0131 sa\u011flamak ve i\u015f bulmada yard\u0131mc\u0131 olmak. \u0130\u015f arayan vatanda\u015flar\u0131m\u0131za gereken deste\u011fi veriyoruz. Ilk g&ouml;r&uuml;\u015fme yap\u0131ld\u0131ktan sonra i\u015f arayan vatanda\u015flar\u0131m\u0131z&nbsp; VDAB ye de yaz\u0131lm\u0131\u015f oluyorlar ve istedikleri \u015fekilde kursa veya i\u015f bulmada y&ouml;nlendiriliyorlar.<\/p>\n","protected":false},"excerpt":{"rendered":"<p>Bel&ccedil;ika T&uuml;rk dernekleri Birli\u011fi 1 ekim 2015 tarihinde Beringen T&uuml;rk g&uuml;c&uuml; futbol klubunun salonunda i\u015farayanlara bilgilendirme g&uuml;n&uuml; d&uuml;zenlendi. G&uuml;ne 19 ila 28 ya\u015f aras\u0131nda gen&ccedil;ler &nbsp;kat\u0131ld\u0131. \u0130\u015f arayanlara i\u015f bulma projesi hakk\u0131nda bilgi verildi ve ard\u0131ndan soru cevap olarak devam etti. Projenin amac\u0131: \u0130\u015f alan\u0131nda vatanda\u015flar\u0131m\u0131za e\u015fit haklara sahip olmalar\u0131n\u0131 sa\u011flamak ve i\u015f bulmada yard\u0131mc\u0131 [&hellip;]<\/p>\n","protected":false},"author":1,"featured_media":2139,"comment_status":"closed","ping_status":"closed","sticky":false,"template":"","format":"standard","meta":{"footnotes":""},"categories":[1,27,20],"tags":[],"post-meta-fields":{"_thumbnail_id":["2139"]},"_links":{"self":[{"href":"https:\/\/www.turkseunie.be\/official\/wp-json\/wp\/v2\/posts\/1556"}],"collection":[{"href":"https:\/\/www.turkseunie.be\/official\/wp-json\/wp\/v2\/posts"}],"about":[{"href":"https:\/\/www.turkseunie.be\/official\/wp-json\/wp\/v2\/types\/post"}],"author":[{"embeddable":true,"href":"https:\/\/www.turkseunie.be\/official\/wp-json\/wp\/v2\/users\/1"}],"replies":[{"embeddable":true,"href":"https:\/\/www.turkseunie.be\/official\/wp-json\/wp\/v2\/comments?post=1556"}],"version-history":[{"count":0,"href":"https:\/\/www.turkseunie.be\/official\/wp-json\/wp\/v2\/posts\/1556\/revisions"}],"wp:featuredmedia":[{"embeddable":true,"href":"https:\/\/www.turkseunie.be\/official\/wp-json\/wp\/v2\/media\/2139"}],"wp:attachment":[{"href":"https:\/\/www.turkseunie.be\/official\/wp-json\/wp\/v2\/media?parent=1556"}],"wp:term":[{"taxonomy":"category","embeddable":true,"href":"https:\/\/www.turkseunie.be\/official\/wp-json\/wp\/v2\/categories?post=1556"},{"taxonomy":"post_tag","embeddable":true,"href":"https:\/\/www.turkseunie.be\/official\/wp-json\/wp\/v2\/tags?post=1556"}],"curies":[{"name":"wp","href":"https:\/\/api.w.org\/{rel}","templated":true}]}}