{"id":1555,"date":"2015-10-02T20:38:53","date_gmt":"2015-10-02T20:38:53","guid":{"rendered":"http:\/\/turkseunie.be\/official\/?p=1555"},"modified":"2015-10-02T20:38:53","modified_gmt":"2015-10-02T20:38:53","slug":"gentteki-dar-gelirlilere-rehber-projesi","status":"publish","type":"post","link":"https:\/\/www.turkseunie.be\/official\/faaliyetlerimiz\/gentteki-dar-gelirlilere-rehber-projesi\/","title":{"rendered":"Gentteki Dar gelirlilere rehber\u201d projesi"},"content":{"rendered":"<p>Gentteki dar gelirlilere rehber projesinde ev ziyareti ger&ccedil;ekle\u015ftiriyoruz. Bu ev ziyaretleri personellerimiz taraf\u0131ndan yap\u0131l\u0131yor. \u0130nsanlar\u0131n sorunlar\u0131n\u0131 dinleyip onlara yard\u0131m kurulu\u015flar\u0131na y&ouml;nlendiryoruz. Amac\u0131m\u0131z insanlar\u0131n evlerindeki durumu yak\u0131ndan tan\u0131y\u0131p ve nas\u0131l yard\u0131m edebilecegimize bakmak\u0131r. Ayn\u0131 zamanda dar gelirlirli insanlar\u0131m\u0131z\u0131n toplumsal dayan\u0131kl\u0131l\u0131\u011f\u0131 artt\u0131rmay\u0131 hedefliyoruz. Kurumlar\u0131n bu grubu dikkate almalar\u0131n\u0131 istiyor ve onlar\u0131 bilgilendirmek i&ccedil;in programlar d&uuml;zenliyoruz. B&uuml;t&uuml;n dernek ve yard\u0131m kurulu\u015flar\u0131na y&ouml;nelik bilin&ccedil;lendirme faaliyetlerinde bu grubu da m&uuml;mk&uuml;n oldukca dahil etmek istiyoruz. Daha geni\u015f bilgi Gentteki Bel&ccedil;ika T&uuml;rk dernekler birli\u011fine ula\u015fabilirsiniz.<\/p>\n","protected":false},"excerpt":{"rendered":"<p>Gentteki dar gelirlilere rehber projesinde ev ziyareti ger&ccedil;ekle\u015ftiriyoruz. Bu ev ziyaretleri personellerimiz taraf\u0131ndan yap\u0131l\u0131yor. \u0130nsanlar\u0131n sorunlar\u0131n\u0131 dinleyip onlara yard\u0131m kurulu\u015flar\u0131na y&ouml;nlendiryoruz. Amac\u0131m\u0131z insanlar\u0131n evlerindeki durumu yak\u0131ndan tan\u0131y\u0131p ve nas\u0131l yard\u0131m edebilecegimize bakmak\u0131r. Ayn\u0131 zamanda dar gelirlirli insanlar\u0131m\u0131z\u0131n toplumsal dayan\u0131kl\u0131l\u0131\u011f\u0131 artt\u0131rmay\u0131 hedefliyoruz. Kurumlar\u0131n bu grubu dikkate almalar\u0131n\u0131 istiyor ve onlar\u0131 bilgilendirmek i&ccedil;in programlar d&uuml;zenliyoruz. B&uuml;t&uuml;n dernek [&hellip;]<\/p>\n","protected":false},"author":1,"featured_media":2140,"comment_status":"closed","ping_status":"closed","sticky":false,"template":"","format":"standard","meta":{"footnotes":""},"categories":[1],"tags":[],"post-meta-fields":{"_thumbnail_id":["2140"]},"_links":{"self":[{"href":"https:\/\/www.turkseunie.be\/official\/wp-json\/wp\/v2\/posts\/1555"}],"collection":[{"href":"https:\/\/www.turkseunie.be\/official\/wp-json\/wp\/v2\/posts"}],"about":[{"href":"https:\/\/www.turkseunie.be\/official\/wp-json\/wp\/v2\/types\/post"}],"author":[{"embeddable":true,"href":"https:\/\/www.turkseunie.be\/official\/wp-json\/wp\/v2\/users\/1"}],"replies":[{"embeddable":true,"href":"https:\/\/www.turkseunie.be\/official\/wp-json\/wp\/v2\/comments?post=1555"}],"version-history":[{"count":0,"href":"https:\/\/www.turkseunie.be\/official\/wp-json\/wp\/v2\/posts\/1555\/revisions"}],"wp:featuredmedia":[{"embeddable":true,"href":"https:\/\/www.turkseunie.be\/official\/wp-json\/wp\/v2\/media\/2140"}],"wp:attachment":[{"href":"https:\/\/www.turkseunie.be\/official\/wp-json\/wp\/v2\/media?parent=1555"}],"wp:term":[{"taxonomy":"category","embeddable":true,"href":"https:\/\/www.turkseunie.be\/official\/wp-json\/wp\/v2\/categories?post=1555"},{"taxonomy":"post_tag","embeddable":true,"href":"https:\/\/www.turkseunie.be\/official\/wp-json\/wp\/v2\/tags?post=1555"}],"curies":[{"name":"wp","href":"https:\/\/api.w.org\/{rel}","templated":true}]}}