{"id":1550,"date":"2015-06-29T19:52:57","date_gmt":"2015-06-29T19:52:57","guid":{"rendered":"http:\/\/turkseunie.be\/official\/?p=1550"},"modified":"2015-06-29T19:52:57","modified_gmt":"2015-06-29T19:52:57","slug":"anatolia-bilzen-vzw-iftar-gecesi","status":"publish","type":"post","link":"https:\/\/www.turkseunie.be\/official\/dernek-faaliyetleri\/anatolia-bilzen-vzw-iftar-gecesi\/","title":{"rendered":"Anatolia Bilzen Vzw iftar gecesi"},"content":{"rendered":"<p>Bel&ccedil;ika T&uuml;rk Dernekleri Birli\u011fi &uuml;ye derneklerinden olan <strong>Anatolia Bilzen<\/strong> derne\u011fi geleneksel hale getirmi\u015f oldu\u011fu iftar ak\u015fam\u0131n\u0131 bu senede Bilzen deki Concordia salonunda ger&ccedil;ekle\u015ftirdi.<\/p>\n<p>Kat\u0131l\u0131m\u0131n olduk&ccedil;a yo\u011fun oldu\u011fu iftar gecesinde flaman toplumundan da insanlar\u0131n olmas\u0131 Din, Dil, Irk ayr\u0131m\u0131n\u0131n ne denli gereksiz oldu\u011funu insanlar\u0131n ho\u015fg&ouml;r&uuml; &ccedil;er&ccedil;evesinde ne kadar g&uuml;zel beraberliklere imza atabilece\u011finin kan\u0131t\u0131d\u0131r.<\/p>\n<p>Anatolia Bilzen Derne\u011fi ba\u015fkan\u0131 Nejmi Burgaz abimize bu g&uuml;zel gece i&ccedil;in tekrar te\u015fekk&uuml;r eder ba\u015far\u0131l\u0131 &ccedil;al\u0131\u015fmalar\u0131n\u0131n devam\u0131n\u0131 dileriz. &nbsp;<\/p>\n<div class=\"span-8 last multi-image-container\">            <!-- image multi_lir --><\/p>\n<div class=\"span-2 multi-image-thumb\">    <a href=\"http:\/\/www.turkseunie.be\/uploads\/images\/15\/06\/29\/17\/36\/1506291736_0_3_380390\/150629173641_0_3_380390_o.jpg\" rel=\"prettyPhoto[pp-gallery]\"><img decoding=\"async\" src=\"http:\/\/www.turkseunie.be\/uploads\/images\/15\/06\/29\/17\/36\/1506291736_0_3_380390\/150629173641_0_3_380390_t.jpg\" alt=\"Turkse Unie\"><\/a><\/div>\n<p><!-- image multi_lir --><\/p>\n<div class=\"span-2 last multi-image-thumb\">    <a href=\"http:\/\/www.turkseunie.be\/uploads\/images\/15\/06\/29\/17\/36\/1506291736_0_2_083420\/150629173626_0_2_083420_o.jpg\" rel=\"prettyPhoto[pp-gallery]\"><img decoding=\"async\" src=\"http:\/\/www.turkseunie.be\/uploads\/images\/15\/06\/29\/17\/36\/1506291736_0_2_083420\/150629173626_0_2_083420_t.jpg\" alt=\"Turkse Unie\"><\/a><\/div>\n<\/p><\/div>\n","protected":false},"excerpt":{"rendered":"<p>Bel&ccedil;ika T&uuml;rk Dernekleri Birli\u011fi &uuml;ye derneklerinden olan Anatolia Bilzen derne\u011fi geleneksel hale getirmi\u015f oldu\u011fu iftar ak\u015fam\u0131n\u0131 bu senede Bilzen deki Concordia salonunda ger&ccedil;ekle\u015ftirdi. Kat\u0131l\u0131m\u0131n olduk&ccedil;a yo\u011fun oldu\u011fu iftar gecesinde flaman toplumundan da insanlar\u0131n olmas\u0131 Din, Dil, Irk ayr\u0131m\u0131n\u0131n ne denli gereksiz oldu\u011funu insanlar\u0131n ho\u015fg&ouml;r&uuml; &ccedil;er&ccedil;evesinde ne kadar g&uuml;zel beraberliklere imza atabilece\u011finin kan\u0131t\u0131d\u0131r. Anatolia Bilzen Derne\u011fi [&hellip;]<\/p>\n","protected":false},"author":1,"featured_media":2145,"comment_status":"closed","ping_status":"closed","sticky":false,"template":"","format":"standard","meta":{"footnotes":""},"categories":[25,11,27,20],"tags":[],"post-meta-fields":{"_thumbnail_id":["2145"]},"_links":{"self":[{"href":"https:\/\/www.turkseunie.be\/official\/wp-json\/wp\/v2\/posts\/1550"}],"collection":[{"href":"https:\/\/www.turkseunie.be\/official\/wp-json\/wp\/v2\/posts"}],"about":[{"href":"https:\/\/www.turkseunie.be\/official\/wp-json\/wp\/v2\/types\/post"}],"author":[{"embeddable":true,"href":"https:\/\/www.turkseunie.be\/official\/wp-json\/wp\/v2\/users\/1"}],"replies":[{"embeddable":true,"href":"https:\/\/www.turkseunie.be\/official\/wp-json\/wp\/v2\/comments?post=1550"}],"version-history":[{"count":0,"href":"https:\/\/www.turkseunie.be\/official\/wp-json\/wp\/v2\/posts\/1550\/revisions"}],"wp:featuredmedia":[{"embeddable":true,"href":"https:\/\/www.turkseunie.be\/official\/wp-json\/wp\/v2\/media\/2145"}],"wp:attachment":[{"href":"https:\/\/www.turkseunie.be\/official\/wp-json\/wp\/v2\/media?parent=1550"}],"wp:term":[{"taxonomy":"category","embeddable":true,"href":"https:\/\/www.turkseunie.be\/official\/wp-json\/wp\/v2\/categories?post=1550"},{"taxonomy":"post_tag","embeddable":true,"href":"https:\/\/www.turkseunie.be\/official\/wp-json\/wp\/v2\/tags?post=1550"}],"curies":[{"name":"wp","href":"https:\/\/api.w.org\/{rel}","templated":true}]}}