{"id":1548,"date":"2015-06-24T19:17:56","date_gmt":"2015-06-24T19:17:56","guid":{"rendered":"http:\/\/turkseunie.be\/official\/?p=1548"},"modified":"2015-06-24T19:17:56","modified_gmt":"2015-06-24T19:17:56","slug":"gent-sokak-iftarlari-buyuk-ilgi-gordu","status":"publish","type":"post","link":"https:\/\/www.turkseunie.be\/official\/faaliyetlerimiz\/gent-sokak-iftarlari-buyuk-ilgi-gordu\/","title":{"rendered":"Gent sokak iftarlar\u0131 b\u00fcy\u00fck ilgi g\u00f6rd\u00fc"},"content":{"rendered":"<p>Bel&ccedil;ika T&uuml;rk Dernekleri Birli\u011fi (BTDB) koordinat&ouml;r&uuml; \u015eaban G&ouml;k ve e\u011fitici personelleri Hatice Karakaya ve Hakan S&ouml;nmez&rsquo;in &ccedil;al\u0131\u015fmalar\u0131yla 19 &#8211; 21 Haziran 2015 tarihleri aras\u0131nda Gent tarihinde ilk kez sokakta iftar masalar\u0131 kurularak iftar yeme\u011fi verildi. Etkinlik, ba\u015fka ilklere de ev sahipli\u011fi yapt\u0131. Bu tarihlerde Gent&rsquo;te ilk kez ak\u015fam ezan\u0131 ve Kur&rsquo;an-\u0131 Ker&icirc;m okundu.<\/p>\n<p>Gent&rsquo;te ilk kez d&uuml;zenlenen a&ccedil;\u0131k hava iftar organizasyonu Godshuishammeke Soka\u011f\u0131&rsquo;nda ger&ccedil;ekle\u015fti. Gent Sleepstraat Muhtar\u0131 &Ouml;mer G&ouml;k ve i\u015fletme sahipleri, Bel&ccedil;ika Emirda\u011fl\u0131lar Birli\u011fi ve Bel&ccedil;ika T&uuml;rk Dernekleri Birli\u011fi&rsquo;nin katk\u0131lar\u0131yla yap\u0131lan iftar program\u0131na toplam 800 ki\u015fi civar\u0131nda kat\u0131l\u0131m ger&ccedil;ekle\u015fti. BEB derne\u011fi hava \u015fartlar\u0131ndan dolay\u0131 iftar yemeklerini ikinci g&uuml;n kapal\u0131 alanda yani Buurtcentrum ve BTDB&rsquo;nin lokalinde ger&ccedil;ekle\u015ftirdi. \u0130ftar sofralar\u0131na 3 g&uuml;n boyunca Flaman uyruklu insanlar\u0131n kat\u0131lmas\u0131 ve son g&uuml;n Kras Derne\u011fi ve IN-Gent krumunun yard\u0131m etti\u011fi ailelerin kat\u0131lmas\u0131 da gurur vericiydi. Tad\u0131m Yemek&rsquo;in eli lezzetli ustas\u0131 Muzaffer Usta&rsquo;n\u0131n yemekleri ise 3 g&uuml;nl&uuml;k iftar sofras\u0131n\u0131n tad\u0131na tat katt\u0131. Organizasyonda, Bel&ccedil;ika&rsquo;n\u0131n g&uuml;zel seslerinden B&uuml;lent G&ouml;k, Kenan \u0130n gibi isimler de okuduklar\u0131 ilahilerle; Mustafa &Ouml;zdemir, Muhammed Ali Kaya, Kenan S&ouml;nmez, Hakan Karada\u011f da okuduklar\u0131 Kur&rsquo;an-\u0131 Ker&icirc;m ve sofra dualar\u0131yla iftar program\u0131na katk\u0131da bulundular.<\/p>\n<p>\u0130lk g&uuml;n Sleepstraat esnaflar\u0131n\u0131n, ikinci g&uuml;n Bel&ccedil;ika Emirda\u011fl\u0131lar Birli\u011fi&rsquo;nin ve son g&uuml;n Bel&ccedil;ika T&uuml;rk Dernekleri Birli\u011fi&rsquo;nin sponsorluk yapt\u0131\u011f\u0131 iftar etkinli\u011fine polis \u015fefi Danny Onderdonck, belediye ba\u015fkan en&uuml;menleri Rudy Coddens ve Resul Tapmaz gibi isimler de kat\u0131ld\u0131. Rudy Coddens etkinlikten &ccedil;ok memnun kald\u0131\u011f\u0131n\u0131, tekrarlanmas\u0131n\u0131 diledi\u011fini dile getirdi. Hatta yemek sonras\u0131nda da yap\u0131lan i\u015flere yard\u0131mc\u0131 olmaya &ccedil;al\u0131\u015ft\u0131.<\/p>\n<p>19-21 Haziran 2015 tarihleri aras\u0131nda ger&ccedil;ekle\u015fen iftar program\u0131 kat\u0131lan herkesi memnun etti. Bel&ccedil;ika&rsquo;da ya\u015fayan T&uuml;rk ve m&uuml;sl&uuml;man topluma olumlu bak\u0131\u015f a&ccedil;\u0131s\u0131n\u0131 artt\u0131rd\u0131. Umar\u0131z her y\u0131l b&ouml;yle etkinlikler tekrarlan\u0131r.<\/p>\n<p>&nbsp;<\/p>\n<div class=\"span-8 last multi-image-container\">            <!-- image multi_lir --><\/p>\n<div class=\"span-2 multi-image-thumb\">    <a href=\"http:\/\/www.turkseunie.be\/uploads\/images\/15\/06\/24\/21\/13\/1506242113_0_12_357894\/150624211331_0_12_357894_o.jpg\" rel=\"prettyPhoto[pp-gallery]\"><img decoding=\"async\" src=\"http:\/\/www.turkseunie.be\/uploads\/images\/15\/06\/24\/21\/13\/1506242113_0_12_357894\/150624211331_0_12_357894_t.jpg\" alt=\"Turkse Unie\"><\/a><\/div>\n<p><!-- image multi_lir --><\/p>\n<div class=\"span-2 multi-image-thumb\">    <a href=\"http:\/\/www.turkseunie.be\/uploads\/images\/15\/06\/24\/21\/14\/1506242114_0_17_157632\/150624211440_0_17_157632_o.jpg\" rel=\"prettyPhoto[pp-gallery]\"><img decoding=\"async\" src=\"http:\/\/www.turkseunie.be\/uploads\/images\/15\/06\/24\/21\/14\/1506242114_0_17_157632\/150624211440_0_17_157632_t.jpg\" alt=\"Turkse Unie\"><\/a><\/div>\n<p><!-- image multi_lir --><\/p>\n<div class=\"span-2 multi-image-thumb\">    <a href=\"http:\/\/www.turkseunie.be\/uploads\/images\/15\/06\/24\/21\/14\/1506242114_0_15_424570\/150624211429_0_15_424570_o.jpg\" rel=\"prettyPhoto[pp-gallery]\"><img decoding=\"async\" src=\"http:\/\/www.turkseunie.be\/uploads\/images\/15\/06\/24\/21\/14\/1506242114_0_15_424570\/150624211429_0_15_424570_t.jpg\" alt=\"Turkse Unie\"><\/a><\/div>\n<p><!-- image multi_lir --><\/p>\n<div class=\"span-2 last multi-image-thumb\">    <a href=\"http:\/\/www.turkseunie.be\/uploads\/images\/15\/06\/24\/21\/14\/1506242114_0_14_685772\/150624211415_0_14_685772_o.jpg\" rel=\"prettyPhoto[pp-gallery]\"><img decoding=\"async\" src=\"http:\/\/www.turkseunie.be\/uploads\/images\/15\/06\/24\/21\/14\/1506242114_0_14_685772\/150624211415_0_14_685772_t.jpg\" alt=\"Turkse Unie\"><\/a><\/div>\n<p><!-- image multi_lir --><\/p>\n<div class=\"span-2 multi-image-thumb\">    <a href=\"http:\/\/www.turkseunie.be\/uploads\/images\/15\/06\/24\/21\/13\/1506242113_0_12_357894\/150624211331_0_12_357894_o.jpg\" rel=\"prettyPhoto[pp-gallery]\"><img decoding=\"async\" src=\"http:\/\/www.turkseunie.be\/uploads\/images\/15\/06\/24\/21\/13\/1506242113_0_12_357894\/150624211331_0_12_357894_t.jpg\" alt=\"Turkse Unie\"><\/a><\/div>\n<p><!-- image multi_lir --><\/p>\n<div class=\"span-2 multi-image-thumb\">    <a href=\"http:\/\/www.turkseunie.be\/uploads\/images\/15\/06\/24\/21\/13\/1506242113_0_11_705373\/150624211302_0_11_705373_o.jpg\" rel=\"prettyPhoto[pp-gallery]\"><img decoding=\"async\" src=\"http:\/\/www.turkseunie.be\/uploads\/images\/15\/06\/24\/21\/13\/1506242113_0_11_705373\/150624211302_0_11_705373_t.jpg\" alt=\"Turkse Unie\"><\/a><\/div>\n<p><!-- image multi_lir --><\/p>\n<div class=\"span-2 multi-image-thumb\">    <a href=\"http:\/\/www.turkseunie.be\/uploads\/images\/15\/06\/24\/21\/12\/1506242112_0_9_770657\/150624211228_0_9_770657_o.jpg\" rel=\"prettyPhoto[pp-gallery]\"><img decoding=\"async\" src=\"http:\/\/www.turkseunie.be\/uploads\/images\/15\/06\/24\/21\/12\/1506242112_0_9_770657\/150624211228_0_9_770657_t.jpg\" alt=\"Turkse Unie\"><\/a><\/div>\n<p><!-- image multi_lir --><\/p>\n<div class=\"span-2 last multi-image-thumb\">    <a href=\"http:\/\/www.turkseunie.be\/uploads\/images\/15\/06\/24\/21\/12\/1506242112_0_8_737502\/150624211226_0_8_737502_o.jpg\" rel=\"prettyPhoto[pp-gallery]\"><img decoding=\"async\" src=\"http:\/\/www.turkseunie.be\/uploads\/images\/15\/06\/24\/21\/12\/1506242112_0_8_737502\/150624211226_0_8_737502_t.jpg\" alt=\"Turkse Unie\"><\/a><\/div>\n<p><!-- image multi_lir --><\/p>\n<div class=\"span-2 multi-image-thumb\">    <a href=\"http:\/\/www.turkseunie.be\/uploads\/images\/15\/06\/24\/21\/12\/1506242112_0_7_343882\/150624211212_0_7_343882_o.jpg\" rel=\"prettyPhoto[pp-gallery]\"><img decoding=\"async\" src=\"http:\/\/www.turkseunie.be\/uploads\/images\/15\/06\/24\/21\/12\/1506242112_0_7_343882\/150624211212_0_7_343882_t.jpg\" alt=\"Turkse Unie\"><\/a><\/div>\n<p><!-- image multi_lir --><\/p>\n<div class=\"span-2 multi-image-thumb\">    <a href=\"http:\/\/www.turkseunie.be\/uploads\/images\/15\/06\/24\/21\/11\/1506242111_0_4_824250\/150624211134_0_4_824250_o.jpg\" rel=\"prettyPhoto[pp-gallery]\"><img decoding=\"async\" src=\"http:\/\/www.turkseunie.be\/uploads\/images\/15\/06\/24\/21\/11\/1506242111_0_4_824250\/150624211134_0_4_824250_t.jpg\" alt=\"Turkse Unie\"><\/a><\/div>\n<p><!-- image multi_lir --><\/p>\n<div class=\"span-2 multi-image-thumb\">    <a href=\"http:\/\/www.turkseunie.be\/uploads\/images\/15\/06\/24\/21\/11\/1506242111_0_3_085719\/150624211121_0_3_085719_o.jpg\" rel=\"prettyPhoto[pp-gallery]\"><img decoding=\"async\" src=\"http:\/\/www.turkseunie.be\/uploads\/images\/15\/06\/24\/21\/11\/1506242111_0_3_085719\/150624211121_0_3_085719_t.jpg\" alt=\"Turkse Unie\"><\/a><\/div>\n<p><!-- image multi_lir --><\/p>\n<div class=\"span-2 last multi-image-thumb\">    <a href=\"http:\/\/www.turkseunie.be\/uploads\/images\/15\/06\/24\/21\/11\/1506242111_0_2_027686\/150624211111_0_2_027686_o.jpg\" rel=\"prettyPhoto[pp-gallery]\"><img decoding=\"async\" src=\"http:\/\/www.turkseunie.be\/uploads\/images\/15\/06\/24\/21\/11\/1506242111_0_2_027686\/150624211111_0_2_027686_t.jpg\" alt=\"Turkse Unie\"><\/a><\/div>\n<p><!-- image multi_lir --><\/p>\n<div class=\"span-2 multi-image-thumb\">    <a href=\"http:\/\/www.turkseunie.be\/uploads\/images\/15\/06\/24\/21\/11\/1506242111_0_2_027686\/150624211111_0_2_027686_o.jpg\" rel=\"prettyPhoto[pp-gallery]\"><img decoding=\"async\" src=\"http:\/\/www.turkseunie.be\/uploads\/images\/15\/06\/24\/21\/11\/1506242111_0_2_027686\/150624211111_0_2_027686_t.jpg\" alt=\"Turkse Unie\"><\/a><\/div>\n<p><!-- image multi_lir --><\/p>\n<div class=\"span-2 multi-image-thumb\">    <a href=\"http:\/\/www.turkseunie.be\/uploads\/images\/15\/06\/24\/21\/11\/1506242111_0_1_666281\/150624211100_0_1_666281_o.jpg\" rel=\"prettyPhoto[pp-gallery]\"><img decoding=\"async\" src=\"http:\/\/www.turkseunie.be\/uploads\/images\/15\/06\/24\/21\/11\/1506242111_0_1_666281\/150624211100_0_1_666281_t.jpg\" alt=\"Turkse Unie\"><\/a><\/div>\n<p><!-- image multi_lir --><\/p>\n<div class=\"span-2 multi-image-thumb\">    <a href=\"http:\/\/www.turkseunie.be\/uploads\/images\/15\/06\/24\/21\/13\/1506242113_0_13_831887\/150624211350_0_13_831887_o.jpg\" rel=\"prettyPhoto[pp-gallery]\"><img decoding=\"async\" src=\"http:\/\/www.turkseunie.be\/uploads\/images\/15\/06\/24\/21\/13\/1506242113_0_13_831887\/150624211350_0_13_831887_t.jpg\" alt=\"Turkse Unie\"><\/a><\/div>\n<p><!-- image multi_lir --><\/p>\n<div class=\"span-2 last multi-image-thumb\">    <a href=\"http:\/\/www.turkseunie.be\/uploads\/images\/15\/06\/24\/21\/14\/1506242114_0_16_899173\/150624211437_0_16_899173_o.jpg\" rel=\"prettyPhoto[pp-gallery]\"><img decoding=\"async\" src=\"http:\/\/www.turkseunie.be\/uploads\/images\/15\/06\/24\/21\/14\/1506242114_0_16_899173\/150624211437_0_16_899173_t.jpg\" alt=\"Turkse Unie\"><\/a><\/div>\n<\/p><\/div>\n","protected":false},"excerpt":{"rendered":"<p>Bel&ccedil;ika T&uuml;rk Dernekleri Birli\u011fi (BTDB) koordinat&ouml;r&uuml; \u015eaban G&ouml;k ve e\u011fitici personelleri Hatice Karakaya ve Hakan S&ouml;nmez&rsquo;in &ccedil;al\u0131\u015fmalar\u0131yla 19 &#8211; 21 Haziran 2015 tarihleri aras\u0131nda Gent tarihinde ilk kez sokakta iftar masalar\u0131 kurularak iftar yeme\u011fi verildi. Etkinlik, ba\u015fka ilklere de ev sahipli\u011fi yapt\u0131. Bu tarihlerde Gent&rsquo;te ilk kez ak\u015fam ezan\u0131 ve Kur&rsquo;an-\u0131 Ker&icirc;m okundu. Gent&rsquo;te ilk [&hellip;]<\/p>\n","protected":false},"author":1,"featured_media":2147,"comment_status":"closed","ping_status":"closed","sticky":false,"template":"","format":"standard","meta":{"footnotes":""},"categories":[25,1,27,21],"tags":[],"post-meta-fields":{"_thumbnail_id":["2147"]},"_links":{"self":[{"href":"https:\/\/www.turkseunie.be\/official\/wp-json\/wp\/v2\/posts\/1548"}],"collection":[{"href":"https:\/\/www.turkseunie.be\/official\/wp-json\/wp\/v2\/posts"}],"about":[{"href":"https:\/\/www.turkseunie.be\/official\/wp-json\/wp\/v2\/types\/post"}],"author":[{"embeddable":true,"href":"https:\/\/www.turkseunie.be\/official\/wp-json\/wp\/v2\/users\/1"}],"replies":[{"embeddable":true,"href":"https:\/\/www.turkseunie.be\/official\/wp-json\/wp\/v2\/comments?post=1548"}],"version-history":[{"count":0,"href":"https:\/\/www.turkseunie.be\/official\/wp-json\/wp\/v2\/posts\/1548\/revisions"}],"wp:featuredmedia":[{"embeddable":true,"href":"https:\/\/www.turkseunie.be\/official\/wp-json\/wp\/v2\/media\/2147"}],"wp:attachment":[{"href":"https:\/\/www.turkseunie.be\/official\/wp-json\/wp\/v2\/media?parent=1548"}],"wp:term":[{"taxonomy":"category","embeddable":true,"href":"https:\/\/www.turkseunie.be\/official\/wp-json\/wp\/v2\/categories?post=1548"},{"taxonomy":"post_tag","embeddable":true,"href":"https:\/\/www.turkseunie.be\/official\/wp-json\/wp\/v2\/tags?post=1548"}],"curies":[{"name":"wp","href":"https:\/\/api.w.org\/{rel}","templated":true}]}}