{"id":1547,"date":"2015-06-22T19:07:35","date_gmt":"2015-06-22T19:07:35","guid":{"rendered":"http:\/\/turkseunie.be\/official\/?p=1547"},"modified":"2015-06-22T19:07:35","modified_gmt":"2015-06-22T19:07:35","slug":"ozler-belcika-derneginin-iftar-yemegi","status":"publish","type":"post","link":"https:\/\/www.turkseunie.be\/official\/dernek-faaliyetleri\/ozler-belcika-derneginin-iftar-yemegi\/","title":{"rendered":"\u00d6zler Bel\u00e7ika derne\u011finin iftar yeme\u011fi"},"content":{"rendered":"<p>Genk \u015fehirinde bulunan &uuml;ye derneklerimizden &Ouml;zler Bel&ccedil;ika, 20 Haziran 2015 tarihinde Ramazan ay\u0131nda geleneksel hale getirdi\u011fi iftar yeme\u011fi d&uuml;zenledi. Bu sefer mekan olarak Zwartberg de bulunan Zaal Kempengalm se&ccedil;ildi.<\/p>\n<p>\u0130ftar vaktine do\u011fru davetliler salonu doldurdu. Davetliler aras\u0131nda T.C. Br&uuml;ksel B&uuml;y&uuml;kel&ccedil;ili\u011fi Bas\u0131n M&uuml;\u015faviri Veysel Filiz, Genk Belediye Ba\u015fkan\u0131 Wim Dries ve Genk En&ccedil;&uuml;meni Ali Ca\u011flar da vard\u0131.<\/p>\n<p>\u0130ftar vaktine kadar Kuran okundu ve ezan\u0131n okunmas\u0131ndan sonra hep beraber iftar edildi.<\/p>\n<p>&Ouml;zler Bel&ccedil;ika&rsquo;n\u0131n ba\u015fkan\u0131, Hac\u0131 Sa\u011flam, selamlama konu\u015fmas\u0131nda herkese kat\u0131l\u0131mlar\u0131ndan dolay\u0131 te\u015fekk&uuml;r etti ve derne\u011fin faaliyetleri hakk\u0131nda k\u0131sa bilgiler verdi. Sa\u011flam herkesin m&uuml;barek Ramazan ay\u0131n\u0131 kutlad\u0131. Ba\u015fkandan sonra s&ouml;z&uuml; alan Ali Ca\u011flar, &Ouml;zler Bel&ccedil;ika derne\u011fine her sene d&uuml;zenledikleri iftar yemeklerinden dolay\u0131 te\u015fekk&uuml;r etti ve Ramazan ay\u0131n\u0131n herkese g&uuml;zelliklere vesile olmas\u0131n\u0131 diledi. Ali Ca\u011flar, &ouml;n&uuml;m&uuml;zdeki Kurban bayram\u0131nda m&uuml;sl&uuml;manlar\u0131n Genk&rsquo;te kurbanlar\u0131n\u0131 gerekti\u011fi gibi kesebileceklerinin m&uuml;jdesini verdi.<\/p>\n<p>Son olarak Bas\u0131n M&uuml;\u015faviri Veysel Filiz, s&ouml;z&uuml; alarak &Ouml;zler Bel&ccedil;ika derne\u011fi gibi derneklerin &ouml;nemini vurgulad\u0131. Veysel Filiz kendide &Ouml;zlerli oldu\u011funu ve &Ouml;zler Bel&ccedil;ika derne\u011finin &ccedil;al\u0131\u015fmalar\u0131 ile gurur duydu\u011funu s&ouml;yledi.<\/p>\n<div class=\"span-8 last multi-image-container\">            <!-- image multi_lir --><\/p>\n<div class=\"span-2 multi-image-thumb\">    <a href=\"http:\/\/www.turkseunie.be\/uploads\/images\/15\/06\/22\/20\/58\/1506222058_0_7_128751\/150622205823_0_7_128751_o.jpg\" rel=\"prettyPhoto[pp-gallery]\"><img decoding=\"async\" src=\"http:\/\/www.turkseunie.be\/uploads\/images\/15\/06\/22\/20\/58\/1506222058_0_7_128751\/150622205823_0_7_128751_t.jpg\" alt=\"Turkse Unie\"><\/a><\/div>\n<p><!-- image multi_lir --><\/p>\n<div class=\"span-2 multi-image-thumb\">    <a href=\"http:\/\/www.turkseunie.be\/uploads\/images\/15\/06\/22\/20\/58\/1506222058_0_1_427118\/150622205817_0_1_427118_o.jpg\" rel=\"prettyPhoto[pp-gallery]\"><img decoding=\"async\" src=\"http:\/\/www.turkseunie.be\/uploads\/images\/15\/06\/22\/20\/58\/1506222058_0_1_427118\/150622205817_0_1_427118_t.jpg\" alt=\"Turkse Unie\"><\/a><\/div>\n<p><!-- image multi_lir --><\/p>\n<div class=\"span-2 multi-image-thumb\">    <a href=\"http:\/\/www.turkseunie.be\/uploads\/images\/15\/06\/22\/20\/58\/1506222058_0_5_103968\/150622205821_0_5_103968_o.jpg\" rel=\"prettyPhoto[pp-gallery]\"><img decoding=\"async\" src=\"http:\/\/www.turkseunie.be\/uploads\/images\/15\/06\/22\/20\/58\/1506222058_0_5_103968\/150622205821_0_5_103968_t.jpg\" alt=\"Turkse Unie\"><\/a><\/div>\n<p><!-- image multi_lir --><\/p>\n<div class=\"span-2 last multi-image-thumb\">    <a href=\"http:\/\/www.turkseunie.be\/uploads\/images\/15\/06\/22\/20\/58\/1506222058_0_3_701382\/150622205819_0_3_701382_o.jpg\" rel=\"prettyPhoto[pp-gallery]\"><img decoding=\"async\" src=\"http:\/\/www.turkseunie.be\/uploads\/images\/15\/06\/22\/20\/58\/1506222058_0_3_701382\/150622205819_0_3_701382_t.jpg\" alt=\"Turkse Unie\"><\/a><\/div>\n<p><!-- image multi_lir --><\/p>\n<div class=\"span-2 multi-image-thumb\">    <a href=\"http:\/\/www.turkseunie.be\/uploads\/images\/15\/06\/22\/20\/58\/1506222058_0_2_292918\/150622205818_0_2_292918_o.jpg\" rel=\"prettyPhoto[pp-gallery]\"><img decoding=\"async\" src=\"http:\/\/www.turkseunie.be\/uploads\/images\/15\/06\/22\/20\/58\/1506222058_0_2_292918\/150622205818_0_2_292918_t.jpg\" alt=\"Turkse Unie\"><\/a><\/div>\n<p><!-- image multi_lir --><\/p>\n<div class=\"span-2 last multi-image-thumb\">    <a href=\"http:\/\/www.turkseunie.be\/uploads\/images\/15\/06\/22\/20\/58\/1506222058_0_6_393457\/150622205822_0_6_393457_o.jpg\" rel=\"prettyPhoto[pp-gallery]\"><img decoding=\"async\" src=\"http:\/\/www.turkseunie.be\/uploads\/images\/15\/06\/22\/20\/58\/1506222058_0_6_393457\/150622205822_0_6_393457_t.jpg\" alt=\"Turkse Unie\"><\/a><\/div>\n<\/p><\/div>\n","protected":false},"excerpt":{"rendered":"<p>Genk \u015fehirinde bulunan &uuml;ye derneklerimizden &Ouml;zler Bel&ccedil;ika, 20 Haziran 2015 tarihinde Ramazan ay\u0131nda geleneksel hale getirdi\u011fi iftar yeme\u011fi d&uuml;zenledi. Bu sefer mekan olarak Zwartberg de bulunan Zaal Kempengalm se&ccedil;ildi. \u0130ftar vaktine do\u011fru davetliler salonu doldurdu. Davetliler aras\u0131nda T.C. Br&uuml;ksel B&uuml;y&uuml;kel&ccedil;ili\u011fi Bas\u0131n M&uuml;\u015faviri Veysel Filiz, Genk Belediye Ba\u015fkan\u0131 Wim Dries ve Genk En&ccedil;&uuml;meni Ali Ca\u011flar da [&hellip;]<\/p>\n","protected":false},"author":1,"featured_media":2148,"comment_status":"closed","ping_status":"closed","sticky":false,"template":"","format":"standard","meta":{"footnotes":""},"categories":[25,11,27,20],"tags":[],"post-meta-fields":{"_thumbnail_id":["2148"]},"_links":{"self":[{"href":"https:\/\/www.turkseunie.be\/official\/wp-json\/wp\/v2\/posts\/1547"}],"collection":[{"href":"https:\/\/www.turkseunie.be\/official\/wp-json\/wp\/v2\/posts"}],"about":[{"href":"https:\/\/www.turkseunie.be\/official\/wp-json\/wp\/v2\/types\/post"}],"author":[{"embeddable":true,"href":"https:\/\/www.turkseunie.be\/official\/wp-json\/wp\/v2\/users\/1"}],"replies":[{"embeddable":true,"href":"https:\/\/www.turkseunie.be\/official\/wp-json\/wp\/v2\/comments?post=1547"}],"version-history":[{"count":0,"href":"https:\/\/www.turkseunie.be\/official\/wp-json\/wp\/v2\/posts\/1547\/revisions"}],"wp:featuredmedia":[{"embeddable":true,"href":"https:\/\/www.turkseunie.be\/official\/wp-json\/wp\/v2\/media\/2148"}],"wp:attachment":[{"href":"https:\/\/www.turkseunie.be\/official\/wp-json\/wp\/v2\/media?parent=1547"}],"wp:term":[{"taxonomy":"category","embeddable":true,"href":"https:\/\/www.turkseunie.be\/official\/wp-json\/wp\/v2\/categories?post=1547"},{"taxonomy":"post_tag","embeddable":true,"href":"https:\/\/www.turkseunie.be\/official\/wp-json\/wp\/v2\/tags?post=1547"}],"curies":[{"name":"wp","href":"https:\/\/api.w.org\/{rel}","templated":true}]}}