{"id":1544,"date":"2015-06-16T20:19:02","date_gmt":"2015-06-16T20:19:02","guid":{"rendered":"http:\/\/turkseunie.be\/official\/?p=1544"},"modified":"2015-06-16T20:19:02","modified_gmt":"2015-06-16T20:19:02","slug":"gentte-sokak-iftarlari","status":"publish","type":"post","link":"https:\/\/www.turkseunie.be\/official\/faaliyetlerimiz\/gentte-sokak-iftarlari\/","title":{"rendered":"Gent\u2019te sokak iftarlar\u0131"},"content":{"rendered":"<p>Yaz ramazan\u0131n\u0131 s\u0131cac\u0131k bir sofrayla kar\u015f\u0131l\u0131yoruz! 19, 20, 21 Haziran tarihlerinde Gent Godshuishammeke soka\u011f\u0131nda&nbsp; iftar sofras\u0131 kurulacakt\u0131r.<\/p>\n<p>Cuma ak\u015fam\u0131 Sleepstraat muhtarl\u0131\u011f\u0131, Cumartesi Bel&ccedil;ika Emirda\u011fl\u0131lar Birli\u011fi derne\u011fi ve Pazar ak\u015fam\u0131 Bel&ccedil;ika T&uuml;rk Dernekleri Birli\u011fi (BTDB)&rsquo;nin haz\u0131rlayaca\u011f\u0131 iftar herkese a&ccedil;\u0131k ve &uuml;cretsizdir. &Ouml;zellikle Pazar ak\u015fam\u0131 BTDB&rsquo;nin d&uuml;zenleyece\u011fi ak\u015fam dar gelirli aileler davet edilecektir ve belediyenin yard\u0131m kurulu\u015fu olan OCMW&rsquo;nin ba\u015fkan\u0131 Rudy Coddens konu\u015fma yapacakt\u0131r. Yemeklerin yan\u0131 s\u0131ra sufi m&uuml;zi\u011fi ve ilahiler grubu da sahne alacaklard\u0131r.&nbsp;<\/p>\n","protected":false},"excerpt":{"rendered":"<p>Yaz ramazan\u0131n\u0131 s\u0131cac\u0131k bir sofrayla kar\u015f\u0131l\u0131yoruz! 19, 20, 21 Haziran tarihlerinde Gent Godshuishammeke soka\u011f\u0131nda&nbsp; iftar sofras\u0131 kurulacakt\u0131r. Cuma ak\u015fam\u0131 Sleepstraat muhtarl\u0131\u011f\u0131, Cumartesi Bel&ccedil;ika Emirda\u011fl\u0131lar Birli\u011fi derne\u011fi ve Pazar ak\u015fam\u0131 Bel&ccedil;ika T&uuml;rk Dernekleri Birli\u011fi (BTDB)&rsquo;nin haz\u0131rlayaca\u011f\u0131 iftar herkese a&ccedil;\u0131k ve &uuml;cretsizdir. &Ouml;zellikle Pazar ak\u015fam\u0131 BTDB&rsquo;nin d&uuml;zenleyece\u011fi ak\u015fam dar gelirli aileler davet edilecektir ve belediyenin yard\u0131m kurulu\u015fu [&hellip;]<\/p>\n","protected":false},"author":1,"featured_media":2151,"comment_status":"closed","ping_status":"closed","sticky":false,"template":"","format":"standard","meta":{"footnotes":""},"categories":[25,1,27,21],"tags":[],"post-meta-fields":{"_thumbnail_id":["2151"]},"_links":{"self":[{"href":"https:\/\/www.turkseunie.be\/official\/wp-json\/wp\/v2\/posts\/1544"}],"collection":[{"href":"https:\/\/www.turkseunie.be\/official\/wp-json\/wp\/v2\/posts"}],"about":[{"href":"https:\/\/www.turkseunie.be\/official\/wp-json\/wp\/v2\/types\/post"}],"author":[{"embeddable":true,"href":"https:\/\/www.turkseunie.be\/official\/wp-json\/wp\/v2\/users\/1"}],"replies":[{"embeddable":true,"href":"https:\/\/www.turkseunie.be\/official\/wp-json\/wp\/v2\/comments?post=1544"}],"version-history":[{"count":0,"href":"https:\/\/www.turkseunie.be\/official\/wp-json\/wp\/v2\/posts\/1544\/revisions"}],"wp:featuredmedia":[{"embeddable":true,"href":"https:\/\/www.turkseunie.be\/official\/wp-json\/wp\/v2\/media\/2151"}],"wp:attachment":[{"href":"https:\/\/www.turkseunie.be\/official\/wp-json\/wp\/v2\/media?parent=1544"}],"wp:term":[{"taxonomy":"category","embeddable":true,"href":"https:\/\/www.turkseunie.be\/official\/wp-json\/wp\/v2\/categories?post=1544"},{"taxonomy":"post_tag","embeddable":true,"href":"https:\/\/www.turkseunie.be\/official\/wp-json\/wp\/v2\/tags?post=1544"}],"curies":[{"name":"wp","href":"https:\/\/api.w.org\/{rel}","templated":true}]}}