{"id":1536,"date":"2015-05-20T19:54:55","date_gmt":"2015-05-20T19:54:55","guid":{"rendered":"http:\/\/turkseunie.be\/official\/?p=1536"},"modified":"2015-05-20T19:54:55","modified_gmt":"2015-05-20T19:54:55","slug":"belediye-encumeni-coddens-btdb-gent-subesini-ziyarete-geliyor","status":"publish","type":"post","link":"https:\/\/www.turkseunie.be\/official\/faaliyetlerimiz\/belediye-encumeni-coddens-btdb-gent-subesini-ziyarete-geliyor\/","title":{"rendered":"Belediye Enc\u00fcmeni Coddens BTDB Gent \u015fubesini ziyarete geliyor"},"content":{"rendered":"<p>Els De Ganck, OCMW dan\u0131\u015fman\u0131, her hafta Bel&ccedil;ika T&uuml;rk Dernekleri Birli\u011fi Gent \u015fubesinde insanlara bilgilendirme faaliyetinde bulunuyor. B&ouml;ylelikle zor durumda olan insanlar\u0131n sorunlar\u0131na &ccedil;&ouml;z&uuml;m &uuml;retmeye gayret g&ouml;steriyor. Bu ba\u011flamda belediye enc&uuml;meni Rudy Coddens Sal\u0131 g&uuml;n&uuml; 26 May\u0131s 2015&rsquo;te Els de Ganck&rsquo;\u0131 ziyaret etmeye gelecek. 12.30 &#8211; 15.00 saatleri aras\u0131nda ger&ccedil;ekle\u015fecek olan bu ziyarette enc&uuml;men, yerel ve ulusal bas\u0131n ile bir bas\u0131n toplant\u0131s\u0131 d&uuml;zenleyecek.<\/p>\n<p>&nbsp;<\/p>\n<p>&nbsp;<\/p>\n","protected":false},"excerpt":{"rendered":"<p>Els De Ganck, OCMW dan\u0131\u015fman\u0131, her hafta Bel&ccedil;ika T&uuml;rk Dernekleri Birli\u011fi Gent \u015fubesinde insanlara bilgilendirme faaliyetinde bulunuyor. B&ouml;ylelikle zor durumda olan insanlar\u0131n sorunlar\u0131na &ccedil;&ouml;z&uuml;m &uuml;retmeye gayret g&ouml;steriyor. Bu ba\u011flamda belediye enc&uuml;meni Rudy Coddens Sal\u0131 g&uuml;n&uuml; 26 May\u0131s 2015&rsquo;te Els de Ganck&rsquo;\u0131 ziyaret etmeye gelecek. 12.30 &#8211; 15.00 saatleri aras\u0131nda ger&ccedil;ekle\u015fecek olan bu ziyarette enc&uuml;men, yerel [&hellip;]<\/p>\n","protected":false},"author":1,"featured_media":2159,"comment_status":"closed","ping_status":"closed","sticky":false,"template":"","format":"standard","meta":{"footnotes":""},"categories":[25,1,27,21],"tags":[],"post-meta-fields":{"_thumbnail_id":["2159"]},"_links":{"self":[{"href":"https:\/\/www.turkseunie.be\/official\/wp-json\/wp\/v2\/posts\/1536"}],"collection":[{"href":"https:\/\/www.turkseunie.be\/official\/wp-json\/wp\/v2\/posts"}],"about":[{"href":"https:\/\/www.turkseunie.be\/official\/wp-json\/wp\/v2\/types\/post"}],"author":[{"embeddable":true,"href":"https:\/\/www.turkseunie.be\/official\/wp-json\/wp\/v2\/users\/1"}],"replies":[{"embeddable":true,"href":"https:\/\/www.turkseunie.be\/official\/wp-json\/wp\/v2\/comments?post=1536"}],"version-history":[{"count":0,"href":"https:\/\/www.turkseunie.be\/official\/wp-json\/wp\/v2\/posts\/1536\/revisions"}],"wp:featuredmedia":[{"embeddable":true,"href":"https:\/\/www.turkseunie.be\/official\/wp-json\/wp\/v2\/media\/2159"}],"wp:attachment":[{"href":"https:\/\/www.turkseunie.be\/official\/wp-json\/wp\/v2\/media?parent=1536"}],"wp:term":[{"taxonomy":"category","embeddable":true,"href":"https:\/\/www.turkseunie.be\/official\/wp-json\/wp\/v2\/categories?post=1536"},{"taxonomy":"post_tag","embeddable":true,"href":"https:\/\/www.turkseunie.be\/official\/wp-json\/wp\/v2\/tags?post=1536"}],"curies":[{"name":"wp","href":"https:\/\/api.w.org\/{rel}","templated":true}]}}