{"id":1523,"date":"2015-03-13T16:32:06","date_gmt":"2015-03-13T16:32:06","guid":{"rendered":"http:\/\/turkseunie.be\/official\/?p=1523"},"modified":"2015-03-13T16:32:06","modified_gmt":"2015-03-13T16:32:06","slug":"dunya-kadinlar-gunu-muhtesem-gecti","status":"publish","type":"post","link":"https:\/\/www.turkseunie.be\/official\/faaliyetlerimiz\/dunya-kadinlar-gunu-muhtesem-gecti\/","title":{"rendered":"D\u00fcnya Kad\u0131nlar G\u00fcn\u00fc muhte\u015fem ge\u00e7ti"},"content":{"rendered":"<p>Bel&ccedil;ika T&uuml;rk Dernekler Birli\u011fi&rsquo;ne &uuml;ye olan T&uuml;rk Kad\u0131nlar Birli\u011fi bu y\u0131l 8 mart D&uuml;nya Kad\u0131nlar G&uuml;n&uuml;&rsquo;n&uuml;&nbsp; t&uuml;rk&uuml;lerle ve b&uuml;y&uuml;k &ccedil;o\u015fku ile kutlad\u0131.<\/p>\n<p>Ba\u015fkan <strong>Hava Elbiz <\/strong>a&ccedil;\u0131l\u0131\u015f konu\u015fmas\u0131nda herkesi selamlayarak D&uuml;nya Kad\u0131nlar G&uuml;n&uuml;&rsquo;n&uuml; kutlad\u0131 ve kad\u0131nlar\u0131n bug&uuml;ne kadar g&ouml;stermi\u015f olduklar\u0131 m&uuml;cadeleyi ve ya\u015fad\u0131klar\u0131 zorluklar\u0131 anlatt\u0131. Bu durumlar\u0131n olmamas\u0131 i&ccedil;in kad\u0131nlar\u0131 &uuml;zmemeyi, korumay\u0131&nbsp; ve kad\u0131nlara iyi davran\u0131lmas\u0131n\u0131n mesaj\u0131n\u0131 verdi. Ve gen&ccedil;lerin, evlenenlerin bu konularda duyarl\u0131 olmalar\u0131n\u0131 s&ouml;yledi. Ve daima sevdiklerimize sevgimizi g&ouml;stermemizin mesaj\u0131n\u0131 da iletti. Ba\u015fkan bu g&uuml;ne kadar yap\u0131lan g&uuml;zel sosyal ve k&uuml;lt&uuml;rel faaliyetlerden de bahsetti. Son olarak ba\u015fkan bu gecenin organizasiyon&rsquo;da eme\u011fi ge&ccedil;en Bel&ccedil;ika T&uuml;rk Dernekler Birli\u011fine, t&uuml;m &ccedil;al\u0131\u015fanlar\u0131na ve y&ouml;netim kuruluna, bayan g&ouml;n&uuml;ll&uuml; &uuml;yelerine (Han\u0131m Karacan, Belgin Aytar, Suzan Karaca, Zeynep Civelek, Meryem Civelek, Melike K\u0131z\u0131l, Elif Efe) ayr\u0131 ayr\u0131 te\u015fekk&uuml;rlerini sundu.<\/p>\n<p>Konu\u015fmalar\u0131n ard\u0131ndan gecenin sunumunu yapan Karde\u015flik Tiyatrosu Ba\u015fkan\u0131 Ayhan Aliustao\u011flu Milletvekilimiz Say\u0131n G&uuml;ler Turan han\u0131m&rsquo;\u0131 sahneye davet etti. G&uuml;ler han\u0131m konu\u015fmalar\u0131nda &ouml;zellikle g&uuml;n&uuml;n &ouml;nemini ve kad\u0131nlar\u0131n ne zor \u015fartlarda ba\u015far\u0131 elde ettiklerini anlatt\u0131. Ard\u0131ndan sahneye Br&uuml;ksel B&uuml;y&uuml;kel&ccedil;ili\u011fi e\u011fitim M&uuml;\u015faviri Say\u0131n Sinan Ada Bey davet edildi. Sinan Bey herkesin D&uuml;nya Kad\u0131nlar G&uuml;n&uuml;&rsquo;n&uuml; kutlad\u0131 ve konu\u015fmalar\u0131nda bir&ccedil;ok sorunlar\u0131n oldu\u011funu ve &ccedil;&ouml;z&uuml;m&uuml;n e\u011fitim ve &ouml;zellikle aile e\u011fitimi oldu\u011funu vurgulad\u0131. Son olarak Anvers Ba\u015fkonsolosu Say\u0131n Mustafa Kemalettin Eruygur&rsquo;da k\u0131sa bir konu\u015fma yapt\u0131. T&uuml;m Kad\u0131nlar\u0131n D&uuml;nya Kad\u0131nlar G&uuml;n&uuml;&rsquo;n&uuml; i&ccedil;tenlikle kutlayarak kad\u0131nlar\u0131n siyasi, ekonomik ve sosyal hayatta kalma ve statu elde etme konular\u0131na deyindi.<\/p>\n<p>Bu g&uuml;zel konu\u015fmalar\u0131n ard\u0131ndan sunucumuz Ayhan bey de\u011ferli T&uuml;rk Halk muzi\u011fi sanat&ccedil;\u0131m\u0131z &Ouml;zlem &Ouml;zdil&rsquo;i sahneye davet etti. G&uuml;zel sanat&ccedil;\u0131m\u0131z D&uuml;nya Kad\u0131nlar G&uuml;n&uuml;&rsquo;n&uuml; kutlad\u0131 ve sevdikleri ile birlikte t&uuml;rk&uuml;ler s&ouml;yleyip geceye renk katt\u0131. Hemen ard\u0131ndan program tombola &ccedil;ekili\u015fi ile devam etti. Birbirinden g&uuml;zel hediyeler: T&uuml;rkiye&rsquo;ye gidi\u015f geli\u015f u&ccedil;ak bileti, alt\u0131n tek ta\u015f y&uuml;z&uuml;k, alt\u0131n ve g&uuml;m&uuml;\u015f set tak\u0131mlar\u0131, cep telefonu, elektrikli e\u015fyalar ve ba\u015fka daha de\u011ferli hediyeler sahiblerini buldu. Bu gecede kad\u0131nlar\u0131n haz\u0131rlam\u0131\u015f oldu\u011fu T&uuml;rk mutfa\u011f\u0131ndan g&uuml;zel yemekler ikram edildi.<\/p>\n<p>Gecenin ilerleyen saatlerinde sahneyi de\u011ferli T&uuml;rk Halk muzi\u011fi sanat&ccedil;\u0131m\u0131z G&uuml;ler Duman ald\u0131. Sanat&ccedil;\u0131, saz\u0131yla ve seslendirdi\u011fi bir birinden g&uuml;zel t&uuml;rk&uuml;lerle unutulmaz bir konser verdi. Geceye kat\u0131lanlar t&uuml;rk&uuml;lere e\u015flik ettiler ve halaylar &ccedil;ektiler. Gecenin sonunda alk\u0131\u015flar ya\u011fd\u0131 ve resimler &ccedil;ekildi.<\/p>\n<p>Bu gecenin ger&ccedil;ekle\u015fmesinde katk\u0131da bulunan sponsorlara: Absa, Zelit, BNP Baribas Fortis Bankas\u0131, Calux, Cocosh, Avrasya, Anatolia Restaurant, Mazak Store, ER-PA, Erman Supermarket, H&uuml;rrem, Gold Mine, Validus, GulReizen, Beringer Service, Grandi-Supermarket, SILA-D&ouml;ner Kebap, Brouwland, Bereket ve tombola sponsorlara, katk\u0131lar\u0131ndan dolay\u0131 te\u015fekk&uuml;r ederiz.<\/p>\n<div class=\"span-8 last multi-image-container\">            <!-- image multi_lir --><\/p>\n<div class=\"span-2 multi-image-thumb\">    <a href=\"http:\/\/www.turkseunie.be\/uploads\/images\/15\/03\/12\/12\/38\/1503121238_0_15_658714\/150312123813_0_15_658714_o.jpg\" rel=\"prettyPhoto[pp-gallery]\"><img decoding=\"async\" src=\"http:\/\/www.turkseunie.be\/uploads\/images\/15\/03\/12\/12\/38\/1503121238_0_15_658714\/150312123813_0_15_658714_t.jpg\" alt=\"Turkse Unie\"><\/a><\/div>\n<p><!-- image multi_lir --><\/p>\n<div class=\"span-2 multi-image-thumb\">    <a href=\"http:\/\/www.turkseunie.be\/uploads\/images\/15\/03\/12\/12\/38\/1503121238_0_14_633395\/150312123805_0_14_633395_o.jpg\" rel=\"prettyPhoto[pp-gallery]\"><img decoding=\"async\" src=\"http:\/\/www.turkseunie.be\/uploads\/images\/15\/03\/12\/12\/38\/1503121238_0_14_633395\/150312123805_0_14_633395_t.jpg\" alt=\"Turkse Unie\"><\/a><\/div>\n<p><!-- image multi_lir --><\/p>\n<div class=\"span-2 multi-image-thumb\">    <a href=\"http:\/\/www.turkseunie.be\/uploads\/images\/15\/03\/12\/12\/37\/1503121237_0_13_049949\/150312123759_0_13_049949_o.jpg\" rel=\"prettyPhoto[pp-gallery]\"><img decoding=\"async\" src=\"http:\/\/www.turkseunie.be\/uploads\/images\/15\/03\/12\/12\/37\/1503121237_0_13_049949\/150312123759_0_13_049949_t.jpg\" alt=\"Turkse Unie\"><\/a><\/div>\n<p><!-- image multi_lir --><\/p>\n<div class=\"span-2 last multi-image-thumb\">    <a href=\"http:\/\/www.turkseunie.be\/uploads\/images\/15\/03\/12\/12\/37\/1503121237_0_11_824631\/150312123738_0_11_824631_o.jpg\" rel=\"prettyPhoto[pp-gallery]\"><img decoding=\"async\" src=\"http:\/\/www.turkseunie.be\/uploads\/images\/15\/03\/12\/12\/37\/1503121237_0_11_824631\/150312123738_0_11_824631_t.jpg\" alt=\"Turkse Unie\"><\/a><\/div>\n<p><!-- image multi_lir --><\/p>\n<div class=\"span-2 multi-image-thumb\">    <a href=\"http:\/\/www.turkseunie.be\/uploads\/images\/15\/03\/12\/12\/37\/1503121237_0_10_666208\/150312123730_0_10_666208_o.jpg\" rel=\"prettyPhoto[pp-gallery]\"><img decoding=\"async\" src=\"http:\/\/www.turkseunie.be\/uploads\/images\/15\/03\/12\/12\/37\/1503121237_0_10_666208\/150312123730_0_10_666208_t.jpg\" alt=\"Turkse Unie\"><\/a><\/div>\n<p><!-- image multi_lir --><\/p>\n<div class=\"span-2 multi-image-thumb\">    <a href=\"http:\/\/www.turkseunie.be\/uploads\/images\/15\/03\/12\/12\/37\/1503121237_0_9_422633\/150312123724_0_9_422633_o.jpg\" rel=\"prettyPhoto[pp-gallery]\"><img decoding=\"async\" src=\"http:\/\/www.turkseunie.be\/uploads\/images\/15\/03\/12\/12\/37\/1503121237_0_9_422633\/150312123724_0_9_422633_t.jpg\" alt=\"Turkse Unie\"><\/a><\/div>\n<p><!-- image multi_lir --><\/p>\n<div class=\"span-2 multi-image-thumb\">    <a href=\"http:\/\/www.turkseunie.be\/uploads\/images\/15\/03\/12\/12\/37\/1503121237_0_8_428210\/150312123717_0_8_428210_o.jpg\" rel=\"prettyPhoto[pp-gallery]\"><img decoding=\"async\" src=\"http:\/\/www.turkseunie.be\/uploads\/images\/15\/03\/12\/12\/37\/1503121237_0_8_428210\/150312123717_0_8_428210_t.jpg\" alt=\"Turkse Unie\"><\/a><\/div>\n<p><!-- image multi_lir --><\/p>\n<div class=\"span-2 last multi-image-thumb\">    <a href=\"http:\/\/www.turkseunie.be\/uploads\/images\/15\/03\/12\/12\/37\/1503121237_0_7_730288\/150312123711_0_7_730288_o.jpg\" rel=\"prettyPhoto[pp-gallery]\"><img decoding=\"async\" src=\"http:\/\/www.turkseunie.be\/uploads\/images\/15\/03\/12\/12\/37\/1503121237_0_7_730288\/150312123711_0_7_730288_t.jpg\" alt=\"Turkse Unie\"><\/a><\/div>\n<p><!-- image multi_lir --><\/p>\n<div class=\"span-2 multi-image-thumb\">    <a href=\"http:\/\/www.turkseunie.be\/uploads\/images\/15\/03\/12\/12\/36\/1503121236_0_5_416772\/150312123659_0_5_416772_o.jpg\" rel=\"prettyPhoto[pp-gallery]\"><img decoding=\"async\" src=\"http:\/\/www.turkseunie.be\/uploads\/images\/15\/03\/12\/12\/36\/1503121236_0_5_416772\/150312123659_0_5_416772_t.jpg\" alt=\"Turkse Unie\"><\/a><\/div>\n<p><!-- image multi_lir --><\/p>\n<div class=\"span-2 multi-image-thumb\">    <a href=\"http:\/\/www.turkseunie.be\/uploads\/images\/15\/03\/12\/12\/36\/1503121236_0_4_485566\/150312123652_0_4_485566_o.jpg\" rel=\"prettyPhoto[pp-gallery]\"><img decoding=\"async\" src=\"http:\/\/www.turkseunie.be\/uploads\/images\/15\/03\/12\/12\/36\/1503121236_0_4_485566\/150312123652_0_4_485566_t.jpg\" alt=\"Turkse Unie\"><\/a><\/div>\n<p><!-- image multi_lir --><\/p>\n<div class=\"span-2 multi-image-thumb\">    <a href=\"http:\/\/www.turkseunie.be\/uploads\/images\/15\/03\/12\/12\/36\/1503121236_0_3_536958\/150312123645_0_3_536958_o.jpg\" rel=\"prettyPhoto[pp-gallery]\"><img decoding=\"async\" src=\"http:\/\/www.turkseunie.be\/uploads\/images\/15\/03\/12\/12\/36\/1503121236_0_3_536958\/150312123645_0_3_536958_t.jpg\" alt=\"Turkse Unie\"><\/a><\/div>\n<p><!-- image multi_lir --><\/p>\n<div class=\"span-2 last multi-image-thumb\">    <a href=\"http:\/\/www.turkseunie.be\/uploads\/images\/15\/03\/12\/12\/36\/1503121236_0_2_671516\/150312123639_0_2_671516_o.jpg\" rel=\"prettyPhoto[pp-gallery]\"><img decoding=\"async\" src=\"http:\/\/www.turkseunie.be\/uploads\/images\/15\/03\/12\/12\/36\/1503121236_0_2_671516\/150312123639_0_2_671516_t.jpg\" alt=\"Turkse Unie\"><\/a><\/div>\n<p><!-- image multi_lir --><\/p>\n<div class=\"span-2 last multi-image-thumb\">    <a href=\"http:\/\/www.turkseunie.be\/uploads\/images\/15\/03\/12\/12\/36\/1503121236_0_1_339228\/150312123631_0_1_339228_o.jpg\" rel=\"prettyPhoto[pp-gallery]\"><img decoding=\"async\" src=\"http:\/\/www.turkseunie.be\/uploads\/images\/15\/03\/12\/12\/36\/1503121236_0_1_339228\/150312123631_0_1_339228_t.jpg\" alt=\"Turkse Unie\"><\/a><\/div>\n<\/p><\/div>\n<p class=\"page-in-link\"><a href=\"http:\/\/yenihaber.be\/unlu-sanatcilar-guler-duman-ozlem-ozdil-ile-kadinlar-gununu-kutladilar\/34699\/\" target=\"_blank\">Yenihaber sayfas\u0131nda \u00e7\u0131kan makale<\/a><\/p>\n","protected":false},"excerpt":{"rendered":"<p>Bel&ccedil;ika T&uuml;rk Dernekler Birli\u011fi&rsquo;ne &uuml;ye olan T&uuml;rk Kad\u0131nlar Birli\u011fi bu y\u0131l 8 mart D&uuml;nya Kad\u0131nlar G&uuml;n&uuml;&rsquo;n&uuml;&nbsp; t&uuml;rk&uuml;lerle ve b&uuml;y&uuml;k &ccedil;o\u015fku ile kutlad\u0131. Ba\u015fkan Hava Elbiz a&ccedil;\u0131l\u0131\u015f konu\u015fmas\u0131nda herkesi selamlayarak D&uuml;nya Kad\u0131nlar G&uuml;n&uuml;&rsquo;n&uuml; kutlad\u0131 ve kad\u0131nlar\u0131n bug&uuml;ne kadar g&ouml;stermi\u015f olduklar\u0131 m&uuml;cadeleyi ve ya\u015fad\u0131klar\u0131 zorluklar\u0131 anlatt\u0131. Bu durumlar\u0131n olmamas\u0131 i&ccedil;in kad\u0131nlar\u0131 &uuml;zmemeyi, korumay\u0131&nbsp; ve kad\u0131nlara iyi davran\u0131lmas\u0131n\u0131n [&hellip;]<\/p>\n","protected":false},"author":1,"featured_media":2172,"comment_status":"closed","ping_status":"closed","sticky":false,"template":"","format":"standard","meta":{"footnotes":""},"categories":[25,1,27,20],"tags":[],"post-meta-fields":{"_thumbnail_id":["2172"]},"_links":{"self":[{"href":"https:\/\/www.turkseunie.be\/official\/wp-json\/wp\/v2\/posts\/1523"}],"collection":[{"href":"https:\/\/www.turkseunie.be\/official\/wp-json\/wp\/v2\/posts"}],"about":[{"href":"https:\/\/www.turkseunie.be\/official\/wp-json\/wp\/v2\/types\/post"}],"author":[{"embeddable":true,"href":"https:\/\/www.turkseunie.be\/official\/wp-json\/wp\/v2\/users\/1"}],"replies":[{"embeddable":true,"href":"https:\/\/www.turkseunie.be\/official\/wp-json\/wp\/v2\/comments?post=1523"}],"version-history":[{"count":0,"href":"https:\/\/www.turkseunie.be\/official\/wp-json\/wp\/v2\/posts\/1523\/revisions"}],"wp:featuredmedia":[{"embeddable":true,"href":"https:\/\/www.turkseunie.be\/official\/wp-json\/wp\/v2\/media\/2172"}],"wp:attachment":[{"href":"https:\/\/www.turkseunie.be\/official\/wp-json\/wp\/v2\/media?parent=1523"}],"wp:term":[{"taxonomy":"category","embeddable":true,"href":"https:\/\/www.turkseunie.be\/official\/wp-json\/wp\/v2\/categories?post=1523"},{"taxonomy":"post_tag","embeddable":true,"href":"https:\/\/www.turkseunie.be\/official\/wp-json\/wp\/v2\/tags?post=1523"}],"curies":[{"name":"wp","href":"https:\/\/api.w.org\/{rel}","templated":true}]}}