{"id":1522,"date":"2015-03-11T19:57:14","date_gmt":"2015-03-11T19:57:14","guid":{"rendered":"http:\/\/turkseunie.be\/official\/?p=1522"},"modified":"2015-03-11T19:57:14","modified_gmt":"2015-03-11T19:57:14","slug":"medya-calistayi-gent","status":"publish","type":"post","link":"https:\/\/www.turkseunie.be\/official\/faaliyetlerimiz\/medya-calistayi-gent\/","title":{"rendered":"Medya cal\u0131\u015ftay\u0131 Gent"},"content":{"rendered":"<p>I<em>lgisini &ccedil;eken<\/em>&nbsp;herkese <strong>&uuml;cretsiz <\/strong>medya, bas\u0131n, yaz\u0131\u015fma ve g&ouml;r&uuml;nt&uuml;leme cal\u0131\u015ftay\u0131 d&uuml;zenlenecektir.<\/p>\n<p>&nbsp;<\/p>\n<p><strong>Tarih: 12 Mart 2015 <\/strong><strong>&nbsp;<\/strong><\/p>\n<p><strong>Saat: 19u00-21u00<\/strong><strong><\/strong><\/p>\n<p>Yer: <strong>Godshuishammeke 25, 9000 Gent<\/strong><strong><\/strong><\/p>\n<p><strong>Giri\u015f: &uuml;cretsiz<\/strong><strong><\/strong><\/p>\n<p><strong>&nbsp;<\/strong><\/p>\n<p><strong>Daha fazla bilgi:<\/strong><br \/> Bel&ccedil;ika T&uuml;rk Dernekleri Birli\u011fi<br \/> Tel: 09 329 41 41<br \/> E-mail: <a href=\"mailto:hakan.sonmez@turkseunie.be\">hakan.sonmez@turkseunie.be<\/a>&nbsp;<\/p>\n","protected":false},"excerpt":{"rendered":"<p>Ilgisini &ccedil;eken&nbsp;herkese &uuml;cretsiz medya, bas\u0131n, yaz\u0131\u015fma ve g&ouml;r&uuml;nt&uuml;leme cal\u0131\u015ftay\u0131 d&uuml;zenlenecektir. &nbsp; Tarih: 12 Mart 2015 &nbsp; Saat: 19u00-21u00 Yer: Godshuishammeke 25, 9000 Gent Giri\u015f: &uuml;cretsiz &nbsp; Daha fazla bilgi: Bel&ccedil;ika T&uuml;rk Dernekleri Birli\u011fi Tel: 09 329 41 41 E-mail: hakan.sonmez@turkseunie.be&nbsp;<\/p>\n","protected":false},"author":1,"featured_media":2173,"comment_status":"closed","ping_status":"closed","sticky":false,"template":"","format":"standard","meta":{"footnotes":""},"categories":[25,1,27,21],"tags":[],"post-meta-fields":{"_thumbnail_id":["2173"]},"_links":{"self":[{"href":"https:\/\/www.turkseunie.be\/official\/wp-json\/wp\/v2\/posts\/1522"}],"collection":[{"href":"https:\/\/www.turkseunie.be\/official\/wp-json\/wp\/v2\/posts"}],"about":[{"href":"https:\/\/www.turkseunie.be\/official\/wp-json\/wp\/v2\/types\/post"}],"author":[{"embeddable":true,"href":"https:\/\/www.turkseunie.be\/official\/wp-json\/wp\/v2\/users\/1"}],"replies":[{"embeddable":true,"href":"https:\/\/www.turkseunie.be\/official\/wp-json\/wp\/v2\/comments?post=1522"}],"version-history":[{"count":0,"href":"https:\/\/www.turkseunie.be\/official\/wp-json\/wp\/v2\/posts\/1522\/revisions"}],"wp:featuredmedia":[{"embeddable":true,"href":"https:\/\/www.turkseunie.be\/official\/wp-json\/wp\/v2\/media\/2173"}],"wp:attachment":[{"href":"https:\/\/www.turkseunie.be\/official\/wp-json\/wp\/v2\/media?parent=1522"}],"wp:term":[{"taxonomy":"category","embeddable":true,"href":"https:\/\/www.turkseunie.be\/official\/wp-json\/wp\/v2\/categories?post=1522"},{"taxonomy":"post_tag","embeddable":true,"href":"https:\/\/www.turkseunie.be\/official\/wp-json\/wp\/v2\/tags?post=1522"}],"curies":[{"name":"wp","href":"https:\/\/api.w.org\/{rel}","templated":true}]}}