{"id":1516,"date":"2015-02-04T19:16:33","date_gmt":"2015-02-04T19:16:33","guid":{"rendered":"http:\/\/turkseunie.be\/official\/?p=1516"},"modified":"2015-02-04T19:16:33","modified_gmt":"2015-02-04T19:16:33","slug":"gent-fatih-camii-anadolu-gulu-fv","status":"publish","type":"post","link":"https:\/\/www.turkseunie.be\/official\/dernek-faaliyetleri\/gent-fatih-camii-anadolu-gulu-fv\/","title":{"rendered":"Gent Fatih camii \u2018Anadolu Gulu fv\u2019"},"content":{"rendered":"<p>Gent Turkse Unie &ccedil;at\u0131s\u0131 alt\u0131nda hizmet veren, Fatih camii<strong> &lsquo;Anadolu G&uuml;l&uuml; Derne\u011fi&rsquo;<\/strong>,<strong> 2 \u015fubat 2015 <\/strong>pazartesi g&uuml;n&uuml; saat 10:00 da  d&uuml;zenledi\u011fi  kad\u0131nlar kahvalt\u0131s\u0131nda bulu\u015ftular.<\/p>\n<p>Yakla\u015f\u0131k 150 ki\u015filik kalabal\u0131k bir grubun kat\u0131ld\u0131\u011f\u0131 kahvalt\u0131da,  Turkse Unie e\u011fitici eleman\u0131 Hatice Karakaya ho\u015fgeldin konu\u015fmas\u0131 yapt\u0131 ve Gent Fatih camii <strong>&lsquo;Anadolu G&uuml;l&uuml; Derne\u011fi&rsquo; ba\u015fkan\u0131 G&uuml;lseren Ekici<\/strong> a&ccedil;\u0131l\u0131\u015f konu\u015fmas\u0131n\u0131 yapt\u0131.<\/p>\n<p>Her ay\u0131n ilk pazartesi g&uuml;n&uuml; d&uuml;zenlenen kahvalt\u0131ya her ay konu\u015fmac\u0131 olarak bir konuk davet edilmektedir. Bu ay\u0131n konu\u011fu <strong>Flaman B&ouml;lgesi milletvekili ve ayn\u0131 zamanda avukat olan G&uuml;ler Turan <\/strong>oldu.<\/p>\n<p>Bel&ccedil;ikadaki yeni yasalarla ve yeni siyasi olu\u015fumla ilgili, Gent T&uuml;rk toplumun kad\u0131nlar\u0131n\u0131 bilgilendiren G&uuml;ler Turan, nelere dikkat edilmesi konusunda bilgiler verdi.<\/p>\n<div class=\"span-8 last multi-image-container\">            <!-- image multi_lir --><\/p>\n<div class=\"span-2 multi-image-thumb\">    <a href=\"http:\/\/www.turkseunie.be\/uploads\/images\/15\/02\/04\/11\/29\/1502041129_0_5_027234\/150204112908_0_5_027234_o.jpg\" rel=\"prettyPhoto[pp-gallery]\"><img decoding=\"async\" src=\"http:\/\/www.turkseunie.be\/uploads\/images\/15\/02\/04\/11\/29\/1502041129_0_5_027234\/150204112908_0_5_027234_t.jpg\" alt=\"Turkse Unie\"><\/a><\/div>\n<p><!-- image multi_lir --><\/p>\n<div class=\"span-2 multi-image-thumb\">    <a href=\"http:\/\/www.turkseunie.be\/uploads\/images\/15\/02\/04\/11\/29\/1502041129_0_6_034933\/150204112910_0_6_034933_o.jpg\" rel=\"prettyPhoto[pp-gallery]\"><img decoding=\"async\" src=\"http:\/\/www.turkseunie.be\/uploads\/images\/15\/02\/04\/11\/29\/1502041129_0_6_034933\/150204112910_0_6_034933_t.jpg\" alt=\"Turkse Unie\"><\/a><\/div>\n<p><!-- image multi_lir --><\/p>\n<div class=\"span-2 multi-image-thumb\">    <a href=\"http:\/\/www.turkseunie.be\/uploads\/images\/15\/02\/04\/11\/29\/1502041129_0_3_378102\/150204112903_0_3_378102_o.jpg\" rel=\"prettyPhoto[pp-gallery]\"><img decoding=\"async\" src=\"http:\/\/www.turkseunie.be\/uploads\/images\/15\/02\/04\/11\/29\/1502041129_0_3_378102\/150204112903_0_3_378102_t.jpg\" alt=\"Turkse Unie\"><\/a><\/div>\n<p><!-- image multi_lir --><\/p>\n<div class=\"span-2 last multi-image-thumb\">    <a href=\"http:\/\/www.turkseunie.be\/uploads\/images\/15\/02\/04\/11\/29\/1502041129_0_2_539390\/150204112901_0_2_539390_o.jpg\" rel=\"prettyPhoto[pp-gallery]\"><img decoding=\"async\" src=\"http:\/\/www.turkseunie.be\/uploads\/images\/15\/02\/04\/11\/29\/1502041129_0_2_539390\/150204112901_0_2_539390_t.jpg\" alt=\"Turkse Unie\"><\/a><\/div>\n<p><!-- image multi_lir --><\/p>\n<div class=\"span-2 last multi-image-thumb\">    <a href=\"http:\/\/www.turkseunie.be\/uploads\/images\/15\/02\/04\/11\/28\/1502041128_0_1_900529\/150204112859_0_1_900529_o.jpg\" rel=\"prettyPhoto[pp-gallery]\"><img decoding=\"async\" src=\"http:\/\/www.turkseunie.be\/uploads\/images\/15\/02\/04\/11\/28\/1502041128_0_1_900529\/150204112859_0_1_900529_t.jpg\" alt=\"Turkse Unie\"><\/a><\/div>\n<\/p><\/div>\n","protected":false},"excerpt":{"rendered":"<p>Gent Turkse Unie &ccedil;at\u0131s\u0131 alt\u0131nda hizmet veren, Fatih camii &lsquo;Anadolu G&uuml;l&uuml; Derne\u011fi&rsquo;, 2 \u015fubat 2015 pazartesi g&uuml;n&uuml; saat 10:00 da d&uuml;zenledi\u011fi kad\u0131nlar kahvalt\u0131s\u0131nda bulu\u015ftular. Yakla\u015f\u0131k 150 ki\u015filik kalabal\u0131k bir grubun kat\u0131ld\u0131\u011f\u0131 kahvalt\u0131da, Turkse Unie e\u011fitici eleman\u0131 Hatice Karakaya ho\u015fgeldin konu\u015fmas\u0131 yapt\u0131 ve Gent Fatih camii &lsquo;Anadolu G&uuml;l&uuml; Derne\u011fi&rsquo; ba\u015fkan\u0131 G&uuml;lseren Ekici a&ccedil;\u0131l\u0131\u015f konu\u015fmas\u0131n\u0131 yapt\u0131. Her [&hellip;]<\/p>\n","protected":false},"author":1,"featured_media":2179,"comment_status":"closed","ping_status":"closed","sticky":false,"template":"","format":"standard","meta":{"footnotes":""},"categories":[25,11,27,21],"tags":[],"post-meta-fields":{"_thumbnail_id":["2179"]},"_links":{"self":[{"href":"https:\/\/www.turkseunie.be\/official\/wp-json\/wp\/v2\/posts\/1516"}],"collection":[{"href":"https:\/\/www.turkseunie.be\/official\/wp-json\/wp\/v2\/posts"}],"about":[{"href":"https:\/\/www.turkseunie.be\/official\/wp-json\/wp\/v2\/types\/post"}],"author":[{"embeddable":true,"href":"https:\/\/www.turkseunie.be\/official\/wp-json\/wp\/v2\/users\/1"}],"replies":[{"embeddable":true,"href":"https:\/\/www.turkseunie.be\/official\/wp-json\/wp\/v2\/comments?post=1516"}],"version-history":[{"count":0,"href":"https:\/\/www.turkseunie.be\/official\/wp-json\/wp\/v2\/posts\/1516\/revisions"}],"wp:featuredmedia":[{"embeddable":true,"href":"https:\/\/www.turkseunie.be\/official\/wp-json\/wp\/v2\/media\/2179"}],"wp:attachment":[{"href":"https:\/\/www.turkseunie.be\/official\/wp-json\/wp\/v2\/media?parent=1516"}],"wp:term":[{"taxonomy":"category","embeddable":true,"href":"https:\/\/www.turkseunie.be\/official\/wp-json\/wp\/v2\/categories?post=1516"},{"taxonomy":"post_tag","embeddable":true,"href":"https:\/\/www.turkseunie.be\/official\/wp-json\/wp\/v2\/tags?post=1516"}],"curies":[{"name":"wp","href":"https:\/\/api.w.org\/{rel}","templated":true}]}}