{"id":1501,"date":"2015-02-23T22:00:26","date_gmt":"2015-02-23T22:00:26","guid":{"rendered":"http:\/\/turkseunie.be\/official\/?p=1501"},"modified":"2015-02-23T22:00:26","modified_gmt":"2015-02-23T22:00:26","slug":"siir-ve-edebiyat-gunu-2015","status":"publish","type":"post","link":"https:\/\/www.turkseunie.be\/official\/faaliyetlerimiz\/siir-ve-edebiyat-gunu-2015\/","title":{"rendered":"\u015eiir ve Edebiyat G\u00fcn\u00fc (2015)"},"content":{"rendered":"<p><strong>Bel&ccedil;ika T&uuml;rk Dernekleri Birli\u011fi<\/strong> olarak geleneksel hale getirdi\u011fimiz <strong>\u015eiir ve Edebiyat<\/strong> g&uuml;n&uuml;n&uuml;n 8&#8217;incisi 20 subat 2015&rsquo;de T&uuml;rkiye ve Avrupadan &uuml;nl&uuml; \u015fairlerin kat\u0131l\u0131m\u0131yla ger&ccedil;ekle\u015ftirilecektir. Her y\u0131l artan kat\u0131l\u0131mc\u0131 say\u0131s\u0131 ve kalitesiyle b&uuml;y&uuml;k be\u011feni toplayan bu program\u0131n bu seneki konuklar\u0131<span style=\"font-size: small;\"><strong> Ahmet Sel&ccedil;uk \u0130lkan ve Serdar Tuncer <\/strong><\/span>sizlere unutulmaz bir g&uuml;n ya\u015fatacakt\u0131r.<\/p>\n<p> <span style=\"color: #ff0000;\"><strong><em>Ayr\u0131ca \u015fiir yar\u0131\u015fmas\u0131na kat\u0131lmak isteyenlerin 10&nbsp;\u015eubat 2015 tarihinin ak\u015fam\u0131na kadar Birli\u011fimizin Merkezine eserlerini ula\u015ft\u0131rmalar\u0131 gerekmektedir. <\/em><\/strong><em><\/em><\/span><span style=\"color: #000000;\"> <\/span><\/p>\n<p> T&uuml;rkce ve Flamanca dallar\u0131nda yap\u0131lan yar\u0131\u015fma iki ayr\u0131 j&uuml;ri taraf\u0131ndan de\u011ferlendirilip, d<span style=\"color: #000000;\">ereceye giren \u015fiirler &ouml;d&uuml;l<\/span>lendirilecektir.&nbsp;<\/p>\n<p> <strong>20&nbsp;\u015eubat 2015 tarihinde&nbsp;Casino&nbsp;Houthalende yap\u0131lacak olan \u015eiir ve Edebiyat G&uuml;n&uuml;&#8217;ne hepinizi bekliyoruz.<\/strong><\/p>\n<div style=\"fleft; padding:0 0 10px 0;\"><a class=\"pdf-icon\" href=\"\/file\/download\/141215140141_0_1_390097\">siir kurallari.pdf<\/a>     <\/div>\n","protected":false},"excerpt":{"rendered":"<p>Bel&ccedil;ika T&uuml;rk Dernekleri Birli\u011fi olarak geleneksel hale getirdi\u011fimiz \u015eiir ve Edebiyat g&uuml;n&uuml;n&uuml;n 8&#8217;incisi 20 subat 2015&rsquo;de T&uuml;rkiye ve Avrupadan &uuml;nl&uuml; \u015fairlerin kat\u0131l\u0131m\u0131yla ger&ccedil;ekle\u015ftirilecektir. Her y\u0131l artan kat\u0131l\u0131mc\u0131 say\u0131s\u0131 ve kalitesiyle b&uuml;y&uuml;k be\u011feni toplayan bu program\u0131n bu seneki konuklar\u0131 Ahmet Sel&ccedil;uk \u0130lkan ve Serdar Tuncer sizlere unutulmaz bir g&uuml;n ya\u015fatacakt\u0131r. Ayr\u0131ca \u015fiir yar\u0131\u015fmas\u0131na kat\u0131lmak isteyenlerin 10&nbsp;\u015eubat [&hellip;]<\/p>\n","protected":false},"author":1,"featured_media":2194,"comment_status":"closed","ping_status":"closed","sticky":false,"template":"","format":"standard","meta":{"footnotes":""},"categories":[25,1,27,20],"tags":[],"post-meta-fields":{"_thumbnail_id":["2194"]},"_links":{"self":[{"href":"https:\/\/www.turkseunie.be\/official\/wp-json\/wp\/v2\/posts\/1501"}],"collection":[{"href":"https:\/\/www.turkseunie.be\/official\/wp-json\/wp\/v2\/posts"}],"about":[{"href":"https:\/\/www.turkseunie.be\/official\/wp-json\/wp\/v2\/types\/post"}],"author":[{"embeddable":true,"href":"https:\/\/www.turkseunie.be\/official\/wp-json\/wp\/v2\/users\/1"}],"replies":[{"embeddable":true,"href":"https:\/\/www.turkseunie.be\/official\/wp-json\/wp\/v2\/comments?post=1501"}],"version-history":[{"count":0,"href":"https:\/\/www.turkseunie.be\/official\/wp-json\/wp\/v2\/posts\/1501\/revisions"}],"wp:featuredmedia":[{"embeddable":true,"href":"https:\/\/www.turkseunie.be\/official\/wp-json\/wp\/v2\/media\/2194"}],"wp:attachment":[{"href":"https:\/\/www.turkseunie.be\/official\/wp-json\/wp\/v2\/media?parent=1501"}],"wp:term":[{"taxonomy":"category","embeddable":true,"href":"https:\/\/www.turkseunie.be\/official\/wp-json\/wp\/v2\/categories?post=1501"},{"taxonomy":"post_tag","embeddable":true,"href":"https:\/\/www.turkseunie.be\/official\/wp-json\/wp\/v2\/tags?post=1501"}],"curies":[{"name":"wp","href":"https:\/\/api.w.org\/{rel}","templated":true}]}}