{"id":1410,"date":"2014-03-10T15:49:12","date_gmt":"2014-03-10T15:49:12","guid":{"rendered":"http:\/\/turkseunie.be\/official\/?p=1410"},"modified":"2014-03-10T15:49:12","modified_gmt":"2014-03-10T15:49:12","slug":"gtt-tiyatro","status":"publish","type":"post","link":"https:\/\/www.turkseunie.be\/official\/faaliyetlerimiz\/gtt-tiyatro\/","title":{"rendered":"GTT Tiyatro"},"content":{"rendered":"<p>Ge&ccedil;ti\u011fimiz Pazar g&uuml;n&uuml; tiyatro kurulu\u015flar\u0131m\u0131zdan Gent T&uuml;rk Tiyatrosu d&uuml;zenledi\u011fi etkinlikte aileleri ve &ccedil;ocukalar\u0131 bir araya getirdi.<\/p>\n<p>A&ccedil;\u0131l\u0131\u015f konu\u015fmas\u0131n\u0131 Oost-Vlaanderen Sorumlumuz \u015eaban G&ouml;k yapt\u0131. Ayr\u0131ca Gent Belediyesi&rsquo;nde g&ouml;rev yapan Resul Tapmaz, Senat&ouml;r Fatma Pehlivan ve tiyatronun rejis&ouml;r&uuml; Veli Aslan da k\u0131sa konu\u015fmalar yapt\u0131lar.<\/p>\n<p>&nbsp;<\/p>\n<p>GTT gecenin ba\u015flang\u0131c\u0131nda tiyatro g&ouml;sterileriyle kat\u0131lanlar\u0131 bir h&uuml;z&uuml;nlerdi bir g&uuml;ld&uuml;rd&uuml;. Gecenin ilerleyen saatlerinde Dj Tufan g&uuml;zel m&uuml;zikleriyle konuklar\u0131 e\u011flendirmeyi ba\u015fard\u0131.<\/p>\n<p>&nbsp;<\/p>\n<p>Etkinlikte tiyatro oyuncular\u0131n\u0131n kendi yapt\u0131kalar\u0131 pastalar ve yemekler sunuldu. Ayriyeten mangalda k&ouml;fte yap\u0131ld\u0131.<\/p>\n<p>&nbsp;<\/p>\n<p>Bu g&uuml;zel gecede konuklar\u0131 e\u011flendirmeyi ba\u015faran GTT ailesine te\u015fekk&uuml;r ederiz.<\/p>\n<div class=\"span-8 last multi-image-container\">            <!-- image multi_lir --><\/p>\n<div class=\"span-2 multi-image-thumb\">    <a href=\"http:\/\/www.turkseunie.be\/uploads\/images\/14\/03\/10\/10\/47\/1403101047_0_9_648811\/140310104745_0_9_648811_o.jpg\" rel=\"prettyPhoto[pp-gallery]\"><img decoding=\"async\" src=\"http:\/\/www.turkseunie.be\/uploads\/images\/14\/03\/10\/10\/47\/1403101047_0_9_648811\/140310104745_0_9_648811_t.jpg\" alt=\"Turkse Unie\"><\/a><\/div>\n<p><!-- image multi_lir --><\/p>\n<div class=\"span-2 multi-image-thumb\">    <a href=\"http:\/\/www.turkseunie.be\/uploads\/images\/14\/03\/10\/10\/47\/1403101047_0_8_908477\/140310104742_0_8_908477_o.jpg\" rel=\"prettyPhoto[pp-gallery]\"><img decoding=\"async\" src=\"http:\/\/www.turkseunie.be\/uploads\/images\/14\/03\/10\/10\/47\/1403101047_0_8_908477\/140310104742_0_8_908477_t.jpg\" alt=\"Turkse Unie\"><\/a><\/div>\n<p><!-- image multi_lir --><\/p>\n<div class=\"span-2 multi-image-thumb\">    <a href=\"http:\/\/www.turkseunie.be\/uploads\/images\/14\/03\/10\/10\/47\/1403101047_0_7_304729\/140310104739_0_7_304729_o.jpg\" rel=\"prettyPhoto[pp-gallery]\"><img decoding=\"async\" src=\"http:\/\/www.turkseunie.be\/uploads\/images\/14\/03\/10\/10\/47\/1403101047_0_7_304729\/140310104739_0_7_304729_t.jpg\" alt=\"Turkse Unie\"><\/a><\/div>\n<p><!-- image multi_lir --><\/p>\n<div class=\"span-2 last multi-image-thumb\">    <a href=\"http:\/\/www.turkseunie.be\/uploads\/images\/14\/03\/10\/10\/47\/1403101047_0_6_511700\/140310104736_0_6_511700_o.jpg\" rel=\"prettyPhoto[pp-gallery]\"><img decoding=\"async\" src=\"http:\/\/www.turkseunie.be\/uploads\/images\/14\/03\/10\/10\/47\/1403101047_0_6_511700\/140310104736_0_6_511700_t.jpg\" alt=\"Turkse Unie\"><\/a><\/div>\n<p><!-- image multi_lir --><\/p>\n<div class=\"span-2 multi-image-thumb\">    <a href=\"http:\/\/www.turkseunie.be\/uploads\/images\/14\/03\/10\/10\/47\/1403101047_0_5_551147\/140310104733_0_5_551147_o.jpg\" rel=\"prettyPhoto[pp-gallery]\"><img decoding=\"async\" src=\"http:\/\/www.turkseunie.be\/uploads\/images\/14\/03\/10\/10\/47\/1403101047_0_5_551147\/140310104733_0_5_551147_t.jpg\" alt=\"Turkse Unie\"><\/a><\/div>\n<p><!-- image multi_lir --><\/p>\n<div class=\"span-2 multi-image-thumb\">    <a href=\"http:\/\/www.turkseunie.be\/uploads\/images\/14\/03\/10\/10\/47\/1403101047_0_3_452021\/140310104727_0_3_452021_o.jpg\" rel=\"prettyPhoto[pp-gallery]\"><img decoding=\"async\" src=\"http:\/\/www.turkseunie.be\/uploads\/images\/14\/03\/10\/10\/47\/1403101047_0_3_452021\/140310104727_0_3_452021_t.jpg\" alt=\"Turkse Unie\"><\/a><\/div>\n<p><!-- image multi_lir --><\/p>\n<div class=\"span-2 multi-image-thumb\">    <a href=\"http:\/\/www.turkseunie.be\/uploads\/images\/14\/03\/10\/10\/47\/1403101047_0_2_780602\/140310104725_0_2_780602_o.jpg\" rel=\"prettyPhoto[pp-gallery]\"><img decoding=\"async\" src=\"http:\/\/www.turkseunie.be\/uploads\/images\/14\/03\/10\/10\/47\/1403101047_0_2_780602\/140310104725_0_2_780602_t.jpg\" alt=\"Turkse Unie\"><\/a><\/div>\n<p><!-- image multi_lir --><\/p>\n<div class=\"span-2 last multi-image-thumb\">    <a href=\"http:\/\/www.turkseunie.be\/uploads\/images\/14\/03\/10\/10\/47\/1403101047_0_1_353093\/140310104722_0_1_353093_o.jpg\" rel=\"prettyPhoto[pp-gallery]\"><img decoding=\"async\" src=\"http:\/\/www.turkseunie.be\/uploads\/images\/14\/03\/10\/10\/47\/1403101047_0_1_353093\/140310104722_0_1_353093_t.jpg\" alt=\"Turkse Unie\"><\/a><\/div>\n<p><!-- image multi_lir --><\/p>\n<div class=\"span-2 last multi-image-thumb\">    <a href=\"http:\/\/www.turkseunie.be\/uploads\/images\/14\/03\/07\/16\/58\/1403071658_0_2_091533\/140307165859_0_2_091533_o.jpg\" rel=\"prettyPhoto[pp-gallery]\"><img decoding=\"async\" src=\"http:\/\/www.turkseunie.be\/uploads\/images\/14\/03\/07\/16\/58\/1403071658_0_2_091533\/140307165859_0_2_091533_t.jpg\" alt=\"Turkse Unie\"><\/a><\/div>\n<\/p><\/div>\n","protected":false},"excerpt":{"rendered":"<p>Ge&ccedil;ti\u011fimiz Pazar g&uuml;n&uuml; tiyatro kurulu\u015flar\u0131m\u0131zdan Gent T&uuml;rk Tiyatrosu d&uuml;zenledi\u011fi etkinlikte aileleri ve &ccedil;ocukalar\u0131 bir araya getirdi. A&ccedil;\u0131l\u0131\u015f konu\u015fmas\u0131n\u0131 Oost-Vlaanderen Sorumlumuz \u015eaban G&ouml;k yapt\u0131. Ayr\u0131ca Gent Belediyesi&rsquo;nde g&ouml;rev yapan Resul Tapmaz, Senat&ouml;r Fatma Pehlivan ve tiyatronun rejis&ouml;r&uuml; Veli Aslan da k\u0131sa konu\u015fmalar yapt\u0131lar. &nbsp; GTT gecenin ba\u015flang\u0131c\u0131nda tiyatro g&ouml;sterileriyle kat\u0131lanlar\u0131 bir h&uuml;z&uuml;nlerdi bir g&uuml;ld&uuml;rd&uuml;. Gecenin ilerleyen [&hellip;]<\/p>\n","protected":false},"author":1,"featured_media":2285,"comment_status":"closed","ping_status":"closed","sticky":false,"template":"","format":"standard","meta":{"footnotes":""},"categories":[11,1,21],"tags":[],"post-meta-fields":{"_thumbnail_id":["2285"]},"_links":{"self":[{"href":"https:\/\/www.turkseunie.be\/official\/wp-json\/wp\/v2\/posts\/1410"}],"collection":[{"href":"https:\/\/www.turkseunie.be\/official\/wp-json\/wp\/v2\/posts"}],"about":[{"href":"https:\/\/www.turkseunie.be\/official\/wp-json\/wp\/v2\/types\/post"}],"author":[{"embeddable":true,"href":"https:\/\/www.turkseunie.be\/official\/wp-json\/wp\/v2\/users\/1"}],"replies":[{"embeddable":true,"href":"https:\/\/www.turkseunie.be\/official\/wp-json\/wp\/v2\/comments?post=1410"}],"version-history":[{"count":0,"href":"https:\/\/www.turkseunie.be\/official\/wp-json\/wp\/v2\/posts\/1410\/revisions"}],"wp:featuredmedia":[{"embeddable":true,"href":"https:\/\/www.turkseunie.be\/official\/wp-json\/wp\/v2\/media\/2285"}],"wp:attachment":[{"href":"https:\/\/www.turkseunie.be\/official\/wp-json\/wp\/v2\/media?parent=1410"}],"wp:term":[{"taxonomy":"category","embeddable":true,"href":"https:\/\/www.turkseunie.be\/official\/wp-json\/wp\/v2\/categories?post=1410"},{"taxonomy":"post_tag","embeddable":true,"href":"https:\/\/www.turkseunie.be\/official\/wp-json\/wp\/v2\/tags?post=1410"}],"curies":[{"name":"wp","href":"https:\/\/api.w.org\/{rel}","templated":true}]}}