{"id":1407,"date":"2014-03-05T21:01:31","date_gmt":"2014-03-05T21:01:31","guid":{"rendered":"http:\/\/turkseunie.be\/official\/?p=1407"},"modified":"2014-03-05T21:01:31","modified_gmt":"2014-03-05T21:01:31","slug":"ozler-vakfinin-genel-kurul-toplantisi","status":"publish","type":"post","link":"https:\/\/www.turkseunie.be\/official\/faaliyetlerimiz\/ozler-vakfinin-genel-kurul-toplantisi\/","title":{"rendered":"\u00d6zler Vakf\u0131n\u0131n Genel Kurul toplant\u0131s\u0131"},"content":{"rendered":"<p>Pazar 2 mart 2014 tarihinde &Ouml;zler Vakf\u0131 Bel&ccedil;ika, Genk belediyesinde bulunan FC Turkse Rangers&rsquo;in kantininde, derne\u011fin Genel Kurul toplant\u0131s\u0131n\u0131 ger&ccedil;ekle\u015ftirdi.<\/p>\n<p>&Ouml;nceki y&ouml;netim kurulu istifas\u0131n\u0131 verdi\u011finden dolay\u0131 Genel Kurulun toplanmas\u0131 gerekti. Genel Kurul toplant\u0131s\u0131na kat\u0131lan &uuml;yelerin say\u0131s\u0131 bir hayli y&uuml;ksekti.<\/p>\n<p>\u0130stifa eden ba\u015fkan &Ouml;zcan P\u0131narc\u0131 a&ccedil;\u0131l\u0131\u015f konu\u015fmas\u0131nda kat\u0131l\u0131mc\u0131lara Genel Kurul toplant\u0131s\u0131na kat\u0131lmalar\u0131ndan dolay\u0131 te\u015fekk&uuml;r ettikten sonra 2011 ve 2013 y\u0131llar\u0131 aras\u0131 yap\u0131lan faaliyetler raporunu sundu. &Ouml;zcan P\u0131narc\u0131 2011 ve 2013 y\u0131llar\u0131 aras\u0131 mali raporu sunmas\u0131 i&ccedil;in s&ouml;z&uuml; istifa eden muhasip Sel&ccedil;uk Gemici&rsquo;ye verdi. Genel Kurul bu iki raporu oy birli\u011fi ile kabul etti.<\/p>\n<p>Y&ouml;netim kurulu se&ccedil;imi i&ccedil;in, mevcut y&ouml;netim kuruluna belirlenen tarih&rsquo;e kadar tek aday listesi sunuldu\u011fundan dolay\u0131, adaylar\u0131n tan\u0131t\u0131lmas\u0131ndan sonra, liste oy birli\u011fi ile kabul edildi.<\/p>\n<p>Hac\u0131 Sa\u011flam, &Ouml;zler Vakf\u0131 Bel&ccedil;ika&rsquo;n\u0131n yeni ba\u015fkan\u0131, kapan\u0131\u015f konu\u015fmas\u0131nda ger&ccedil;ekle\u015ftirecekleri faaliyetleri anlatt\u0131. Ge&ccedil;ti\u011fimiz y\u0131llarda oldu\u011fu gibi, gelecektede birlik ve beraberlik i&ccedil;inde derne\u011fin ve halk\u0131m\u0131z\u0131n menfaat\u0131 i&ccedil;in &ccedil;aba g&ouml;stereceklerini dile getirdi.<\/p>\n","protected":false},"excerpt":{"rendered":"<p>Pazar 2 mart 2014 tarihinde &Ouml;zler Vakf\u0131 Bel&ccedil;ika, Genk belediyesinde bulunan FC Turkse Rangers&rsquo;in kantininde, derne\u011fin Genel Kurul toplant\u0131s\u0131n\u0131 ger&ccedil;ekle\u015ftirdi. &Ouml;nceki y&ouml;netim kurulu istifas\u0131n\u0131 verdi\u011finden dolay\u0131 Genel Kurulun toplanmas\u0131 gerekti. Genel Kurul toplant\u0131s\u0131na kat\u0131lan &uuml;yelerin say\u0131s\u0131 bir hayli y&uuml;ksekti. \u0130stifa eden ba\u015fkan &Ouml;zcan P\u0131narc\u0131 a&ccedil;\u0131l\u0131\u015f konu\u015fmas\u0131nda kat\u0131l\u0131mc\u0131lara Genel Kurul toplant\u0131s\u0131na kat\u0131lmalar\u0131ndan dolay\u0131 te\u015fekk&uuml;r ettikten sonra [&hellip;]<\/p>\n","protected":false},"author":1,"featured_media":2288,"comment_status":"closed","ping_status":"closed","sticky":false,"template":"","format":"standard","meta":{"footnotes":""},"categories":[25,11,1,27,20],"tags":[],"post-meta-fields":{"_thumbnail_id":["2288"]},"_links":{"self":[{"href":"https:\/\/www.turkseunie.be\/official\/wp-json\/wp\/v2\/posts\/1407"}],"collection":[{"href":"https:\/\/www.turkseunie.be\/official\/wp-json\/wp\/v2\/posts"}],"about":[{"href":"https:\/\/www.turkseunie.be\/official\/wp-json\/wp\/v2\/types\/post"}],"author":[{"embeddable":true,"href":"https:\/\/www.turkseunie.be\/official\/wp-json\/wp\/v2\/users\/1"}],"replies":[{"embeddable":true,"href":"https:\/\/www.turkseunie.be\/official\/wp-json\/wp\/v2\/comments?post=1407"}],"version-history":[{"count":0,"href":"https:\/\/www.turkseunie.be\/official\/wp-json\/wp\/v2\/posts\/1407\/revisions"}],"wp:featuredmedia":[{"embeddable":true,"href":"https:\/\/www.turkseunie.be\/official\/wp-json\/wp\/v2\/media\/2288"}],"wp:attachment":[{"href":"https:\/\/www.turkseunie.be\/official\/wp-json\/wp\/v2\/media?parent=1407"}],"wp:term":[{"taxonomy":"category","embeddable":true,"href":"https:\/\/www.turkseunie.be\/official\/wp-json\/wp\/v2\/categories?post=1407"},{"taxonomy":"post_tag","embeddable":true,"href":"https:\/\/www.turkseunie.be\/official\/wp-json\/wp\/v2\/tags?post=1407"}],"curies":[{"name":"wp","href":"https:\/\/api.w.org\/{rel}","templated":true}]}}