{"id":953,"date":"2015-09-14T18:15:24","date_gmt":"2015-09-14T18:15:24","guid":{"rendered":"http:\/\/turkseunie.be\/official\/?p=953"},"modified":"2015-09-14T18:15:24","modified_gmt":"2015-09-14T18:15:24","slug":"turkse-rangersin-kadnlar-eglencesine-yogun-ilgi","status":"publish","type":"post","link":"https:\/\/www.turkseunie.be\/official\/nl\/limburg\/turkse-rangersin-kadnlar-eglencesine-yogun-ilgi\/","title":{"rendered":"Vrouwenavond Turse Rangers een groot succes"},"content":{"rendered":"<p>Genk Turkse Rangers Futbol Kul&uuml;bu , Bel&ccedil;ika T&uuml;rk Dernekleri Birli\u011fi ,&nbsp;Genk b&ouml;lgesinde bulunan&nbsp; derneklerin ve esnaflar\u0131n&nbsp; katk\u0131lar\u0131yla kad\u0131nlara &ouml;zel e\u011flence d&uuml;zenledi. <br \/>Farkl\u0131 g&ouml;sterilerin sahne ald\u0131\u011f\u0131 bu gecede T&uuml;rk han\u0131mlar\u0131 e\u011flenceli bir gece ge&ccedil;irdiler. Geceye destek ama&ccedil;l\u0131 kat\u0131lan Karde\u015flik tiyatrosunun kurucusu Ayhan ALIUSTAOGLUNUN tiyatro ekibi ve&nbsp;Mus\u0131c clubun g&ouml;sterisi, geceye ayr\u0131 bir renk katt\u0131. <br \/>Kad\u0131nlar e\u011flenirken erkeklerde Turkse Rangersin spor lokalinde toplan\u0131p aralar\u0131nda e\u011flenceli ve sohbetli vakit ge&ccedil;irme olana\u011f\u0131 buldular.&nbsp;&nbsp;&nbsp;&nbsp;&nbsp;<br \/><br \/>Turkse Rangers ba\u015fkan\u0131 Cabbar Alkan&#8217;\u0131n yan\u0131s\u0131ra, Genk Belediye Enc&uuml;meni ve BTDB y&ouml;netim kurulu&nbsp;&uuml;yesi&nbsp;Ali &Ccedil;a\u011flar,&nbsp;Hakan &Ccedil;elik&ouml;z,&nbsp;Aziz OZTURK, BTSF ba\u015fkan\u0131 H&uuml;seyin D&ouml;nmez, tiyatro sanat&ccedil;\u0131s\u0131&nbsp;Ayhan Aliustao\u011flu, Music Club Ba\u015fkan\u0131 \u0130smail Erdo\u011fdu, TFF Bel&ccedil;ika sorumlusu,antren&ouml;r Beytullah Y&ouml;ney de kat\u0131lanlar aras\u0131ndayd\u0131.<br \/><br \/><br \/><\/p><p><figure class=\"wp-block-image size-thumbnail is-resized\"><a href=\"http:\/\/turkseunie.be\/official\/wp-content\/uploads\/2020\/08\/p_2123_o.jpg\"><img loading=\"lazy\" decoding=\"async\" width=\"150\" height=\"150\" src=\"http:\/\/turkseunie.be\/official\/wp-content\/uploads\/2020\/08\/p_2123_o-150x150.jpg\" alt=\"\" class=\"wp-image-7302\" \/><\/a><\/figure>&nbsp;<\/p><p>&nbsp;<\/p><p>&nbsp;<\/p><p>&nbsp;<\/p><p>&nbsp;<\/p><p>&nbsp;<\/p><p>&nbsp;<\/p><p>&nbsp;<\/p><p>&nbsp;<\/p><p><figure class=\"wp-block-image size-thumbnail is-resized\"><a href=\"http:\/\/turkseunie.be\/official\/wp-content\/uploads\/2020\/08\/p_2144_o.jpg\"><img loading=\"lazy\" decoding=\"async\" width=\"150\" height=\"150\" src=\"http:\/\/turkseunie.be\/official\/wp-content\/uploads\/2020\/08\/p_2144_o-150x150.jpg\" alt=\"\" class=\"wp-image-7323\" \/><\/a><\/figure>&nbsp;<\/p><p><figure class=\"wp-block-image size-thumbnail is-resized\"><a href=\"http:\/\/turkseunie.be\/official\/wp-content\/uploads\/2020\/08\/p_2202_o.jpg\"><img loading=\"lazy\" decoding=\"async\" width=\"150\" height=\"150\" src=\"http:\/\/turkseunie.be\/official\/wp-content\/uploads\/2020\/08\/p_2202_o-150x150.jpg\" alt=\"\" class=\"wp-image-7381\" \/><\/a><\/figure><\/p><p>&nbsp;<\/p><p>&nbsp;<\/p><p><figure class=\"wp-block-image size-thumbnail is-resized\"><a href=\"http:\/\/turkseunie.be\/official\/wp-content\/uploads\/2020\/08\/p_2203_o.jpg\"><img loading=\"lazy\" decoding=\"async\" width=\"150\" height=\"150\" src=\"http:\/\/turkseunie.be\/official\/wp-content\/uploads\/2020\/08\/p_2203_o-150x150.jpg\" alt=\"\" class=\"wp-image-7382\" \/><\/a><\/figure>&nbsp;<\/p><p>&nbsp;<\/p><p><br \/><figure class=\"wp-block-image size-thumbnail is-resized\"><a href=\"http:\/\/turkseunie.be\/official\/wp-content\/uploads\/2020\/08\/p_2142_o.jpg\"><img loading=\"lazy\" decoding=\"async\" width=\"150\" height=\"150\" src=\"http:\/\/turkseunie.be\/official\/wp-content\/uploads\/2020\/08\/p_2142_o-150x150.jpg\" alt=\"\" class=\"wp-image-7321\" \/><\/a><\/figure><\/p>","protected":false},"excerpt":{"rendered":"<p>Genk Turkse Rangers Futbol Kul&uuml;bu , Bel&ccedil;ika T&uuml;rk Dernekleri Birli\u011fi ,&nbsp;Genk b&ouml;lgesinde bulunan&nbsp; derneklerin ve esnaflar\u0131n&nbsp; katk\u0131lar\u0131yla kad\u0131nlara &ouml;zel e\u011flence d&uuml;zenledi. Farkl\u0131 g&ouml;sterilerin sahne ald\u0131\u011f\u0131 bu gecede T&uuml;rk han\u0131mlar\u0131 e\u011flenceli bir gece ge&ccedil;irdiler. Geceye destek ama&ccedil;l\u0131 kat\u0131lan Karde\u015flik tiyatrosunun kurucusu Ayhan ALIUSTAOGLUNUN tiyatro ekibi ve&nbsp;Mus\u0131c clubun g&ouml;sterisi, geceye ayr\u0131 bir renk katt\u0131. Kad\u0131nlar e\u011flenirken erkeklerde [&hellip;]<\/p>\n","protected":false},"author":1,"featured_media":0,"comment_status":"closed","ping_status":"closed","sticky":false,"template":"","format":"standard","meta":{"footnotes":""},"categories":[20],"tags":[],"post-meta-fields":[],"_links":{"self":[{"href":"https:\/\/www.turkseunie.be\/official\/nl\/wp-json\/wp\/v2\/posts\/953"}],"collection":[{"href":"https:\/\/www.turkseunie.be\/official\/nl\/wp-json\/wp\/v2\/posts"}],"about":[{"href":"https:\/\/www.turkseunie.be\/official\/nl\/wp-json\/wp\/v2\/types\/post"}],"author":[{"embeddable":true,"href":"https:\/\/www.turkseunie.be\/official\/nl\/wp-json\/wp\/v2\/users\/1"}],"replies":[{"embeddable":true,"href":"https:\/\/www.turkseunie.be\/official\/nl\/wp-json\/wp\/v2\/comments?post=953"}],"version-history":[{"count":0,"href":"https:\/\/www.turkseunie.be\/official\/nl\/wp-json\/wp\/v2\/posts\/953\/revisions"}],"wp:attachment":[{"href":"https:\/\/www.turkseunie.be\/official\/nl\/wp-json\/wp\/v2\/media?parent=953"}],"wp:term":[{"taxonomy":"category","embeddable":true,"href":"https:\/\/www.turkseunie.be\/official\/nl\/wp-json\/wp\/v2\/categories?post=953"},{"taxonomy":"post_tag","embeddable":true,"href":"https:\/\/www.turkseunie.be\/official\/nl\/wp-json\/wp\/v2\/tags?post=953"}],"curies":[{"name":"wp","href":"https:\/\/api.w.org\/{rel}","templated":true}]}}