{"id":1746,"date":"2017-11-07T22:52:36","date_gmt":"2017-11-07T22:52:36","guid":{"rendered":"http:\/\/turkseunie.be\/official\/?p=1746"},"modified":"2017-11-07T22:52:36","modified_gmt":"2017-11-07T22:52:36","slug":"baskanimizdan-duyuru","status":"publish","type":"post","link":"https:\/\/www.turkseunie.be\/official\/nl\/faaliyetlerimiz\/baskanimizdan-duyuru\/","title":{"rendered":"BA\u015eKANIMIZDAN DUYURU"},"content":{"rendered":"<p>Say\u0131n Ba\u015fkan ve y&ouml;neticiler<\/p>\n<p>De\u011ferli Vatanda\u015flar\u0131m\u0131z,<\/p>\n<p>Bildi\u011finiz gibi bug&uuml;n saat 19:30&rsquo;da a\u015f\u0131r\u0131 sa\u011fc\u0131 \u0131rk&ccedil;\u0131 Vlaams Belang partisi ve Voorpost &Uuml;yeleri Gent Rabot mahallesindeki Fatih Camii&rsquo;nin yap\u0131m\u0131na kar\u015f\u0131 protesto eylemi yapmak istemektedirler. Bu nedenle, Gent&rsquo;deki STK&rsquo;lar\u0131 ve vatanda\u015flar\u0131m\u0131z\u0131 konuya hassasiyet g&ouml;sterip, olabilecek provokasyonlara kar\u015f\u0131 duyarl\u0131 ve so\u011fuk kanl\u0131 davranmaya davet ediyoruz.<\/p>\n<p>B&ouml;lgedeki STK&rsquo;larla da zaman zaman toplanarak&nbsp; vatanda\u015flar\u0131n bu gibi provokasyonlara gelmemeleri, &ccedil;\u0131kabilecek olaylara ve provokasyonlara kar\u015f\u0131, itidall\u0131 davranmalar\u0131 kararla\u015ft\u0131r\u0131lm\u0131\u015ft\u0131r. Sizlerce de konuya hassasiyet g&ouml;sterilmesi &nbsp;rica olunur. Bu gibi provokatif g&ouml;sterileri daha &ouml;nce de &ccedil;ok ya\u015fad\u0131k ve g&ouml;rd&uuml;k. Ge&ccedil;en seneki g&ouml;steride maalesef baz\u0131 ki\u015filerin provokasyonu sonucunda, k&uuml;&ccedil;&uuml;k &ccedil;apl\u0131 sorunlar ya\u015fand\u0131. Umar\u0131z b&uuml;t&uuml;n sivil toplum kurulu\u015flar\u0131 ve halk\u0131m\u0131zla beraber bu provokasyonlara kar\u015f\u0131 sa\u011fduyulu davran\u0131\u015flar g&ouml;stererek birlikte bu vakan\u0131nda &uuml;stesinden gelece\u011fiz.<\/p>\n<p>Bel&ccedil;ika T&uuml;rk Dernekleri Birli\u011fi &uuml;yesi derneklerimize, halk\u0131m\u0131za ve bilhassa da gen&ccedil;lerimize sesleniyoruz. 7 Kas\u0131m 2017 tarihinde \u0131rk&ccedil;\u0131 partisinin y&uuml;r&uuml;y&uuml;\u015f&uuml;ne kar\u015f\u0131 tepki y&uuml;r&uuml;y&uuml;\u015f&uuml;ne kimse kat\u0131lmas\u0131n. Kendileri toplans\u0131nlar ve oradan ayr\u0131ls\u0131nlar, aksi takdirde daha fazla provoke etme imkan\u0131 veririz ve isteklerine kavu\u015fmu\u015f olurlar.<\/p>\n<p>Ama&ccedil;lar\u0131na ula\u015fmamalar\u0131 i&ccedil;in bizim ak\u0131ll\u0131 davranmam\u0131z, kendimizi k\u0131\u015fk\u0131rtmalar\u0131na alet olmaktan ve karga\u015fa &ccedil;\u0131karmalar\u0131na sebebiyet vermeden kurtararak, onlar\u0131 ak\u0131ll\u0131ca engellemi\u015f oluruz. Kendi hallerine b\u0131rakal\u0131m y&uuml;r&uuml;y&uuml;\u015flerini yap\u0131p gitsinler. Derneklerimizden ve y&ouml;neticilerden de bu t&uuml;r provokatif olaylarda daha itidall\u0131 davran\u0131\u015f sergilemeleri i&ccedil;in uyar\u0131da bulunmak ve Bel&ccedil;ika \/ Gent b&ouml;lgesinde ya\u015fayan m&uuml;sl&uuml;manlar\u0131, toplumumuzu uyarmak, sakin ve itidall\u0131 davranmaya hatta o b&ouml;lgeyi o saatlerde ziyaret etmemeleri &ccedil;agr\u0131s\u0131n\u0131 yap\u0131yoruz.<\/p>\n<p>\u015eunu da belirtmeden ge&ccedil;emeyece\u011fiz,<\/p>\n<p>Ge&ccedil;ti\u011fimiz hafta, a\u015f\u0131r\u0131 sa\u011fc\u0131 ve \u0130slam kar\u015f\u0131t\u0131 &Ouml;zg&uuml;rl&uuml;k Partisi (PVV) lideri Hollandal\u0131 Geert Wilders ile Flaman &Ccedil;\u0131karlar\u0131 Partisi Grup Ba\u015fkan\u0131 Bel&ccedil;ikal\u0131 Filip Dewinter, Cuma namaz\u0131 sonras\u0131 Br&uuml;ksel&rsquo;in Molenbeek b&ouml;lgesini ziyaret edeceklerini duyurmu\u015ftu. Molenbeek Belediye Ba\u015fkan\u0131 Say\u0131n Fran&ccedil;oise Schepmans, &ldquo;kamu g&uuml;venli\u011fine y&ouml;nelik &ouml;ng&ouml;r&uuml;lebilir tehdit&rdquo; gerek&ccedil;esiyle yap\u0131lmas\u0131 planlanan bu ziyareti yasaklad\u0131. Kendisini taktir ve tebrik ediyoruz. Ayn\u0131 hassasiyeti Gent belediyesinden de beklerdik.<\/p>\n<p>Sayg\u0131lar\u0131m\u0131zla, Kamuoyuna Duyurulur,<\/p>\n<p><strong>Bel&ccedil;ika T&uuml;rk Dernekleri Birli\u011fi<\/strong><\/p>\n<p>&nbsp;<\/p>\n","protected":false},"excerpt":{"rendered":"<p>Say\u0131n Ba\u015fkan ve y&ouml;neticiler De\u011ferli Vatanda\u015flar\u0131m\u0131z, Bildi\u011finiz gibi bug&uuml;n saat 19:30&rsquo;da a\u015f\u0131r\u0131 sa\u011fc\u0131 \u0131rk&ccedil;\u0131 Vlaams Belang partisi ve Voorpost &Uuml;yeleri Gent Rabot mahallesindeki Fatih Camii&rsquo;nin yap\u0131m\u0131na kar\u015f\u0131 protesto eylemi yapmak istemektedirler. Bu nedenle, Gent&rsquo;deki STK&rsquo;lar\u0131 ve vatanda\u015flar\u0131m\u0131z\u0131 konuya hassasiyet g&ouml;sterip, olabilecek provokasyonlara kar\u015f\u0131 duyarl\u0131 ve so\u011fuk kanl\u0131 davranmaya davet ediyoruz. B&ouml;lgedeki STK&rsquo;larla da zaman zaman [&hellip;]<\/p>\n","protected":false},"author":1,"featured_media":1949,"comment_status":"closed","ping_status":"closed","sticky":false,"template":"","format":"standard","meta":{"footnotes":""},"categories":[19,25,22,12,11,1,27,20],"tags":[],"post-meta-fields":{"_thumbnail_id":["1949"]},"_links":{"self":[{"href":"https:\/\/www.turkseunie.be\/official\/nl\/wp-json\/wp\/v2\/posts\/1746"}],"collection":[{"href":"https:\/\/www.turkseunie.be\/official\/nl\/wp-json\/wp\/v2\/posts"}],"about":[{"href":"https:\/\/www.turkseunie.be\/official\/nl\/wp-json\/wp\/v2\/types\/post"}],"author":[{"embeddable":true,"href":"https:\/\/www.turkseunie.be\/official\/nl\/wp-json\/wp\/v2\/users\/1"}],"replies":[{"embeddable":true,"href":"https:\/\/www.turkseunie.be\/official\/nl\/wp-json\/wp\/v2\/comments?post=1746"}],"version-history":[{"count":0,"href":"https:\/\/www.turkseunie.be\/official\/nl\/wp-json\/wp\/v2\/posts\/1746\/revisions"}],"wp:featuredmedia":[{"embeddable":true,"href":"https:\/\/www.turkseunie.be\/official\/nl\/wp-json\/wp\/v2\/media\/1949"}],"wp:attachment":[{"href":"https:\/\/www.turkseunie.be\/official\/nl\/wp-json\/wp\/v2\/media?parent=1746"}],"wp:term":[{"taxonomy":"category","embeddable":true,"href":"https:\/\/www.turkseunie.be\/official\/nl\/wp-json\/wp\/v2\/categories?post=1746"},{"taxonomy":"post_tag","embeddable":true,"href":"https:\/\/www.turkseunie.be\/official\/nl\/wp-json\/wp\/v2\/tags?post=1746"}],"curies":[{"name":"wp","href":"https:\/\/api.w.org\/{rel}","templated":true}]}}