{"id":1547,"date":"2015-06-22T19:07:35","date_gmt":"2015-06-22T19:07:35","guid":{"rendered":"http:\/\/turkseunie.be\/official\/?p=1547"},"modified":"2015-06-22T19:07:35","modified_gmt":"2015-06-22T19:07:35","slug":"ozler-belcika-derneginin-iftar-yemegi","status":"publish","type":"post","link":"https:\/\/www.turkseunie.be\/official\/nl\/dernek-faaliyetleri\/ozler-belcika-derneginin-iftar-yemegi\/","title":{"rendered":"\u0130ftar avond van \u00d6zler Belgi\u00eb vzw"},"content":{"rendered":"<p>Onze Genkse lidvereniging, &Ouml;zler Belgi&euml; vzw, heeft op 20 juni 2015 een iftar avond georganiseerd om gezamenlijk het vasten te breken. De avond ging door in zaal Kempengalm in Zwartberg.<\/p>\n<p>Tegen de avondgebedstijd vulden de genodigden de zaal. Onder hen bevonden zich onder andere ook de pers adviseur van de Turkse Ambassade in Brussel Veysel Filiz, de Genkse burgemeester Wim Dries en de Genkse schepen Ali Ca\u011flar.<\/p>\n<p>Het iftar-eten werd voorafgegaan door een Koran recitatie en de oproep voor het avondgebed. Dit betekende tevens het breken van het vasten.<\/p>\n<p>De voorzitter van &Ouml;zler Belgi&euml; vzw, Hac\u0131 Sa\u011flam, bedankte in zijn welkomstwoord alle aanwezigen en gaf een woordje uitleg over de activiteiten van de vereniging. Hij wenste iedereen een goede Ramadanmaand toe. Hierna nam Ali Ca\u011flar het woord en ook hij maakte zijn wensen over en bedankte &Ouml;zler Belgi&euml; vzw voor haar inzet om jaarlijks deze avond te organiseren. Hij stelde de aanwezigen gerust met de bevestiging dat de moslims tijdens het offerfeest hun schaap volgens de voorgeschreven regels van de Islam kunnen slachten in Genk.<\/p>\n<p>Tot slot nam de pers adviseur van de Turkse Ambassade, Veysel Filiz, het woord en benadrukte het belang van verenigingen zoals &Ouml;zler Belgi&euml; vzw en hun waardevolle bijdrage aan de maatschappij. Filiz, zelf van &Ouml;zler in Turkije, zei trots te zijn op de werking van &Ouml;zler Belgi&euml; vzw.<\/p>\n<p>De aanwezigen hebben allen genoten van het etentje.<\/p>\n<div class=\"span-8 last multi-image-container\">            <!-- image multi_lir --><\/p>\n<div class=\"span-2 multi-image-thumb\">    <a href=\"http:\/\/www.turkseunie.be\/uploads\/images\/15\/06\/22\/20\/58\/1506222058_0_7_128751\/150622205823_0_7_128751_o.jpg\" rel=\"prettyPhoto[pp-gallery]\"><img decoding=\"async\" src=\"http:\/\/www.turkseunie.be\/uploads\/images\/15\/06\/22\/20\/58\/1506222058_0_7_128751\/150622205823_0_7_128751_t.jpg\" alt=\"Turkse Unie\"><\/a><\/div>\n<p><!-- image multi_lir --><\/p>\n<div class=\"span-2 multi-image-thumb\">    <a href=\"http:\/\/www.turkseunie.be\/uploads\/images\/15\/06\/22\/20\/58\/1506222058_0_1_427118\/150622205817_0_1_427118_o.jpg\" rel=\"prettyPhoto[pp-gallery]\"><img decoding=\"async\" src=\"http:\/\/www.turkseunie.be\/uploads\/images\/15\/06\/22\/20\/58\/1506222058_0_1_427118\/150622205817_0_1_427118_t.jpg\" alt=\"Turkse Unie\"><\/a><\/div>\n<p><!-- image multi_lir --><\/p>\n<div class=\"span-2 multi-image-thumb\">    <a href=\"http:\/\/www.turkseunie.be\/uploads\/images\/15\/06\/22\/20\/58\/1506222058_0_5_103968\/150622205821_0_5_103968_o.jpg\" rel=\"prettyPhoto[pp-gallery]\"><img decoding=\"async\" src=\"http:\/\/www.turkseunie.be\/uploads\/images\/15\/06\/22\/20\/58\/1506222058_0_5_103968\/150622205821_0_5_103968_t.jpg\" alt=\"Turkse Unie\"><\/a><\/div>\n<p><!-- image multi_lir --><\/p>\n<div class=\"span-2 last multi-image-thumb\">    <a href=\"http:\/\/www.turkseunie.be\/uploads\/images\/15\/06\/22\/20\/58\/1506222058_0_3_701382\/150622205819_0_3_701382_o.jpg\" rel=\"prettyPhoto[pp-gallery]\"><img decoding=\"async\" src=\"http:\/\/www.turkseunie.be\/uploads\/images\/15\/06\/22\/20\/58\/1506222058_0_3_701382\/150622205819_0_3_701382_t.jpg\" alt=\"Turkse Unie\"><\/a><\/div>\n<p><!-- image multi_lir --><\/p>\n<div class=\"span-2 multi-image-thumb\">    <a href=\"http:\/\/www.turkseunie.be\/uploads\/images\/15\/06\/22\/20\/58\/1506222058_0_2_292918\/150622205818_0_2_292918_o.jpg\" rel=\"prettyPhoto[pp-gallery]\"><img decoding=\"async\" src=\"http:\/\/www.turkseunie.be\/uploads\/images\/15\/06\/22\/20\/58\/1506222058_0_2_292918\/150622205818_0_2_292918_t.jpg\" alt=\"Turkse Unie\"><\/a><\/div>\n<p><!-- image multi_lir --><\/p>\n<div class=\"span-2 last multi-image-thumb\">    <a href=\"http:\/\/www.turkseunie.be\/uploads\/images\/15\/06\/22\/20\/58\/1506222058_0_6_393457\/150622205822_0_6_393457_o.jpg\" rel=\"prettyPhoto[pp-gallery]\"><img decoding=\"async\" src=\"http:\/\/www.turkseunie.be\/uploads\/images\/15\/06\/22\/20\/58\/1506222058_0_6_393457\/150622205822_0_6_393457_t.jpg\" alt=\"Turkse Unie\"><\/a><\/div>\n<\/p><\/div>\n","protected":false},"excerpt":{"rendered":"<p>Onze Genkse lidvereniging, &Ouml;zler Belgi&euml; vzw, heeft op 20 juni 2015 een iftar avond georganiseerd om gezamenlijk het vasten te breken. De avond ging door in zaal Kempengalm in Zwartberg. Tegen de avondgebedstijd vulden de genodigden de zaal. Onder hen bevonden zich onder andere ook de pers adviseur van de Turkse Ambassade in Brussel Veysel [&hellip;]<\/p>\n","protected":false},"author":1,"featured_media":2148,"comment_status":"closed","ping_status":"closed","sticky":false,"template":"","format":"standard","meta":{"footnotes":""},"categories":[25,11,27,20],"tags":[],"post-meta-fields":{"_thumbnail_id":["2148"]},"_links":{"self":[{"href":"https:\/\/www.turkseunie.be\/official\/nl\/wp-json\/wp\/v2\/posts\/1547"}],"collection":[{"href":"https:\/\/www.turkseunie.be\/official\/nl\/wp-json\/wp\/v2\/posts"}],"about":[{"href":"https:\/\/www.turkseunie.be\/official\/nl\/wp-json\/wp\/v2\/types\/post"}],"author":[{"embeddable":true,"href":"https:\/\/www.turkseunie.be\/official\/nl\/wp-json\/wp\/v2\/users\/1"}],"replies":[{"embeddable":true,"href":"https:\/\/www.turkseunie.be\/official\/nl\/wp-json\/wp\/v2\/comments?post=1547"}],"version-history":[{"count":0,"href":"https:\/\/www.turkseunie.be\/official\/nl\/wp-json\/wp\/v2\/posts\/1547\/revisions"}],"wp:featuredmedia":[{"embeddable":true,"href":"https:\/\/www.turkseunie.be\/official\/nl\/wp-json\/wp\/v2\/media\/2148"}],"wp:attachment":[{"href":"https:\/\/www.turkseunie.be\/official\/nl\/wp-json\/wp\/v2\/media?parent=1547"}],"wp:term":[{"taxonomy":"category","embeddable":true,"href":"https:\/\/www.turkseunie.be\/official\/nl\/wp-json\/wp\/v2\/categories?post=1547"},{"taxonomy":"post_tag","embeddable":true,"href":"https:\/\/www.turkseunie.be\/official\/nl\/wp-json\/wp\/v2\/tags?post=1547"}],"curies":[{"name":"wp","href":"https:\/\/api.w.org\/{rel}","templated":true}]}}