{"id":1528,"date":"2015-04-28T15:03:48","date_gmt":"2015-04-28T15:03:48","guid":{"rendered":"http:\/\/turkseunie.be\/official\/?p=1528"},"modified":"2015-04-28T15:03:48","modified_gmt":"2015-04-28T15:03:48","slug":"gent-iki-dillilik-calistayi","status":"publish","type":"post","link":"https:\/\/www.turkseunie.be\/official\/nl\/faaliyetlerimiz\/gent-iki-dillilik-calistayi\/","title":{"rendered":"Workshops tweetaligheid \u2013 Gent"},"content":{"rendered":"<p>Vrijdag 24 april 2015 om 13u00 is de workshop tweetaligheid doorgegaan op het Gents bureau van Turkse Unie van Belgi&euml; (TUB). Turkse Unie van Belgi&euml;, Instituut Yunus Emre en Universiteit Sakarya hebben samengewerkt voor dit project.<\/p>\n<p>Het voornaamste doel van het project was awareness cre&euml;ren.<\/p>\n<p>De presentatie van de workshop is gebeurd door Eda &Ouml;zt&uuml;rk en de welkomstwoord door Saban G&ouml;k, de regio-co&ouml;rdinator van TUB.<\/p>\n<p>Vervolgens zijn er welkomstwoorden gedaan door \u0130smail G&uuml;le&ccedil; afdelingshoofd afdeling Onderwijs van Universiteit Sakarya.<br \/> Vervolgens heeft Prof Dr. Bekir \u0130nce, Ak\u0131n Ya\u011f\u0131ml\u0131 leerkracht Turks in Duitsland, Prof.Dr. \u015eeref Ate\u015f adjunct van de directie bij Instituut Yunus Emre, Mehmet Bilgi&ccedil; leerkracht Turks in Frankrijk, &Ouml;zlem Eng&uuml;r medewerker bij Turkse Taalkunde afdeling in Londen en de andere sprekers.<\/p>\n<p>En de deelnemers aan de workshop waren:<br \/> Prof.Dr. Mustafa Ka&ccedil;alin voorzitter Dienst Turkse Taalkunde, Prof.Dr. \u015eeref Ate\u015f adjunct van de directie bij Instituut Yunus Emre, Prof.Dr. Firdevs Karahan decaan bij Universiteit Sakarya, Prof.Dr. \u0130smail G&uuml;le&ccedil; afdelingshoofd afdeling Onderwijs van Universiteit Sakarya, Prof.Dr. Cemal Y\u0131ld\u0131z onderwijsambassadeur in Duitsland, Sinan Ada onderwijsambassadeur in Brussel, Prof.Dr. Do\u011fan G&uuml;nay, Prof.Dr. Selahattin Dilid&uuml;zg&uuml;n, Prof.Dr. Belma Haznedar, Doc.Dr. Bekir \u0130nce, R\u0131fat CAN voorzitter Turkse Unie van Belgi&euml;, Hakan S&ouml;nmez projectmedewerker.<\/p>\n<p>Na de workshop in het Gentse bureau van Turkse Unie van Belgi&euml; is er een openingsreceptie doorgegaan in afdeling Het Pand van Universiteit Gent.<\/p>\n<p>Vervolgens op zaterdag en zondag hebben de workshops plaatsgevonden in Het Pand.<\/p>\n<div class=\"span-8 last multi-image-container\">            <!-- image multi_lir --><\/p>\n<div class=\"span-2 multi-image-thumb\">    <a href=\"http:\/\/www.turkseunie.be\/uploads\/images\/15\/04\/28\/09\/57\/1504280957_0_2_204289\/150428095751_0_2_204289_o.jpg\" rel=\"prettyPhoto[pp-gallery]\"><img decoding=\"async\" src=\"http:\/\/www.turkseunie.be\/uploads\/images\/15\/04\/28\/09\/57\/1504280957_0_2_204289\/150428095751_0_2_204289_t.jpg\" alt=\"Turkse Unie\"><\/a><\/div>\n<p><!-- image multi_lir --><\/p>\n<div class=\"span-2 multi-image-thumb\">    <a href=\"http:\/\/www.turkseunie.be\/uploads\/images\/15\/04\/28\/09\/57\/1504280957_0_3_348610\/150428095751_0_3_348610_o.jpg\" rel=\"prettyPhoto[pp-gallery]\"><img decoding=\"async\" src=\"http:\/\/www.turkseunie.be\/uploads\/images\/15\/04\/28\/09\/57\/1504280957_0_3_348610\/150428095751_0_3_348610_t.jpg\" alt=\"Turkse Unie\"><\/a><\/div>\n<p><!-- image multi_lir --><\/p>\n<div class=\"span-2 multi-image-thumb\">    <a href=\"http:\/\/www.turkseunie.be\/uploads\/images\/15\/04\/28\/09\/57\/1504280957_0_1_531287\/150428095750_0_1_531287_o.jpg\" rel=\"prettyPhoto[pp-gallery]\"><img decoding=\"async\" src=\"http:\/\/www.turkseunie.be\/uploads\/images\/15\/04\/28\/09\/57\/1504280957_0_1_531287\/150428095750_0_1_531287_t.jpg\" alt=\"Turkse Unie\"><\/a><\/div>\n<p><!-- image multi_lir --><\/p>\n<div class=\"span-2 last multi-image-thumb\">    <a href=\"http:\/\/www.turkseunie.be\/uploads\/images\/15\/04\/28\/09\/57\/1504280957_0_4_905656\/150428095752_0_4_905656_o.jpg\" rel=\"prettyPhoto[pp-gallery]\"><img decoding=\"async\" src=\"http:\/\/www.turkseunie.be\/uploads\/images\/15\/04\/28\/09\/57\/1504280957_0_4_905656\/150428095752_0_4_905656_t.jpg\" alt=\"Turkse Unie\"><\/a><\/div>\n<\/p><\/div>\n","protected":false},"excerpt":{"rendered":"<p>Vrijdag 24 april 2015 om 13u00 is de workshop tweetaligheid doorgegaan op het Gents bureau van Turkse Unie van Belgi&euml; (TUB). Turkse Unie van Belgi&euml;, Instituut Yunus Emre en Universiteit Sakarya hebben samengewerkt voor dit project. Het voornaamste doel van het project was awareness cre&euml;ren. De presentatie van de workshop is gebeurd door Eda &Ouml;zt&uuml;rk [&hellip;]<\/p>\n","protected":false},"author":1,"featured_media":2167,"comment_status":"closed","ping_status":"closed","sticky":false,"template":"","format":"standard","meta":{"footnotes":""},"categories":[25,1,27,21],"tags":[],"post-meta-fields":{"_thumbnail_id":["2167"]},"_links":{"self":[{"href":"https:\/\/www.turkseunie.be\/official\/nl\/wp-json\/wp\/v2\/posts\/1528"}],"collection":[{"href":"https:\/\/www.turkseunie.be\/official\/nl\/wp-json\/wp\/v2\/posts"}],"about":[{"href":"https:\/\/www.turkseunie.be\/official\/nl\/wp-json\/wp\/v2\/types\/post"}],"author":[{"embeddable":true,"href":"https:\/\/www.turkseunie.be\/official\/nl\/wp-json\/wp\/v2\/users\/1"}],"replies":[{"embeddable":true,"href":"https:\/\/www.turkseunie.be\/official\/nl\/wp-json\/wp\/v2\/comments?post=1528"}],"version-history":[{"count":0,"href":"https:\/\/www.turkseunie.be\/official\/nl\/wp-json\/wp\/v2\/posts\/1528\/revisions"}],"wp:featuredmedia":[{"embeddable":true,"href":"https:\/\/www.turkseunie.be\/official\/nl\/wp-json\/wp\/v2\/media\/2167"}],"wp:attachment":[{"href":"https:\/\/www.turkseunie.be\/official\/nl\/wp-json\/wp\/v2\/media?parent=1528"}],"wp:term":[{"taxonomy":"category","embeddable":true,"href":"https:\/\/www.turkseunie.be\/official\/nl\/wp-json\/wp\/v2\/categories?post=1528"},{"taxonomy":"post_tag","embeddable":true,"href":"https:\/\/www.turkseunie.be\/official\/nl\/wp-json\/wp\/v2\/tags?post=1528"}],"curies":[{"name":"wp","href":"https:\/\/api.w.org\/{rel}","templated":true}]}}