{"id":1517,"date":"2015-02-13T17:51:36","date_gmt":"2015-02-13T17:51:36","guid":{"rendered":"http:\/\/turkseunie.be\/official\/?p=1517"},"modified":"2015-02-13T17:51:36","modified_gmt":"2015-02-13T17:51:36","slug":"guler-duman-ozlem-ozdil-dunya-kadinlar-gunu-gent","status":"publish","type":"post","link":"https:\/\/www.turkseunie.be\/official\/nl\/faaliyetlerimiz\/guler-duman-ozlem-ozdil-dunya-kadinlar-gunu-gent\/","title":{"rendered":"G\u00fcler Duman &#038; \u00d6zlem \u00d6zdil &#8211; Internationale Vrouwendag Gent"},"content":{"rendered":"<p><strong><em>Elk jaar organiseert de Turkse Unie van Belgi&euml; een groot evenement ter gelegenheid van de Internationale Vrouwendag. Dit jaar komt&nbsp;G&uuml;ler Duman&nbsp;en&nbsp;&Ouml;zlem &Ouml;zdil&nbsp;een concert geven. De organisatie van het evenement gebeurt in samenwerking met De Centrale en Handelsbeurs.<\/em><\/strong><strong><\/strong><\/p>\n<p><em>Het programma zal doorgaan&nbsp;op&nbsp;<strong>8 maart 2015<\/strong>&nbsp;in de&nbsp;<strong>Handelsbeurs<\/strong>&nbsp;te Kouter\/Gent.<\/p>\n<p> <strong>Plaats:<\/strong>&nbsp;Handelsbeurs &#8211; Kouter \/ Gent<br \/> <strong>Datum en uur:<\/strong>&nbsp;8 maart 2015 om 19u00<\/em><\/p>\n<p><strong><em>Vvk:<\/em><\/strong><em>&nbsp;17.-&euro;<br \/> <strong>Adk:<\/strong>&nbsp;20.-&euro;<\/p>\n<p> De tickets zijn zowel online&nbsp;te verkrijgen op&nbsp;<\/em><a href=\"http:\/\/www.uitbureau.be\/\" target=\"_blank\"><em>Gent Uitbureau<\/em><\/a><em>&nbsp;als bij de Turkse Unie van Belgi&euml;, afdeling Gent (Godshuishammeke 25). Neem gerust contact op met de&nbsp;medewerkers&#8230;<\/p>\n<p> Hakan S&ouml;nmez<br \/> Hatice Karakaya<br \/> Saban G&ouml;k<\/p>\n<p> +32 489 38 38 38 ve +32 9 329 41 41<\/em><\/p>\n","protected":false},"excerpt":{"rendered":"<p>Elk jaar organiseert de Turkse Unie van Belgi&euml; een groot evenement ter gelegenheid van de Internationale Vrouwendag. Dit jaar komt&nbsp;G&uuml;ler Duman&nbsp;en&nbsp;&Ouml;zlem &Ouml;zdil&nbsp;een concert geven. De organisatie van het evenement gebeurt in samenwerking met De Centrale en Handelsbeurs. Het programma zal doorgaan&nbsp;op&nbsp;8 maart 2015&nbsp;in de&nbsp;Handelsbeurs&nbsp;te Kouter\/Gent. Plaats:&nbsp;Handelsbeurs &#8211; Kouter \/ Gent Datum en uur:&nbsp;8 maart 2015 [&hellip;]<\/p>\n","protected":false},"author":1,"featured_media":2178,"comment_status":"closed","ping_status":"closed","sticky":false,"template":"","format":"standard","meta":{"footnotes":""},"categories":[25,1,27,21],"tags":[],"post-meta-fields":{"_thumbnail_id":["2178"]},"_links":{"self":[{"href":"https:\/\/www.turkseunie.be\/official\/nl\/wp-json\/wp\/v2\/posts\/1517"}],"collection":[{"href":"https:\/\/www.turkseunie.be\/official\/nl\/wp-json\/wp\/v2\/posts"}],"about":[{"href":"https:\/\/www.turkseunie.be\/official\/nl\/wp-json\/wp\/v2\/types\/post"}],"author":[{"embeddable":true,"href":"https:\/\/www.turkseunie.be\/official\/nl\/wp-json\/wp\/v2\/users\/1"}],"replies":[{"embeddable":true,"href":"https:\/\/www.turkseunie.be\/official\/nl\/wp-json\/wp\/v2\/comments?post=1517"}],"version-history":[{"count":0,"href":"https:\/\/www.turkseunie.be\/official\/nl\/wp-json\/wp\/v2\/posts\/1517\/revisions"}],"wp:featuredmedia":[{"embeddable":true,"href":"https:\/\/www.turkseunie.be\/official\/nl\/wp-json\/wp\/v2\/media\/2178"}],"wp:attachment":[{"href":"https:\/\/www.turkseunie.be\/official\/nl\/wp-json\/wp\/v2\/media?parent=1517"}],"wp:term":[{"taxonomy":"category","embeddable":true,"href":"https:\/\/www.turkseunie.be\/official\/nl\/wp-json\/wp\/v2\/categories?post=1517"},{"taxonomy":"post_tag","embeddable":true,"href":"https:\/\/www.turkseunie.be\/official\/nl\/wp-json\/wp\/v2\/tags?post=1517"}],"curies":[{"name":"wp","href":"https:\/\/api.w.org\/{rel}","templated":true}]}}