{"id":1432,"date":"2014-05-07T18:39:51","date_gmt":"2014-05-07T18:39:51","guid":{"rendered":"http:\/\/turkseunie.be\/official\/?p=1432"},"modified":"2014-05-07T18:39:51","modified_gmt":"2014-05-07T18:39:51","slug":"gent-eyad-gocun-50-yili-semineri","status":"publish","type":"post","link":"https:\/\/www.turkseunie.be\/official\/nl\/faaliyetlerimiz\/gent-eyad-gocun-50-yili-semineri\/","title":{"rendered":"Seminarie 50 jaar migratie \u2013 Gent Eyad"},"content":{"rendered":"<p>Afgelopen zaterdag -3 mei 2014- heeft Gent Eyad een evenement georganiseerd in het kader van &ldquo;50 jaar migratie&rdquo;.<\/p>\n<p>De presentatrice van het evenement was G&uuml;l Tetik, journaliste bij Belemt&uuml;rkTV en bestuurslid bij Gent Eyad. Na het openingswoord van voorzitter Gent Eyad Muammer Sayin, kwam Schepen van Welzijn Resul Tapmaz aan het woord. Resul Tapmaz benadrukte het belang van zulke activiteiten. Vervolgens heeft regio-co&ouml;rdinator van de Turkse Unie van Belgi&euml; Saban G&ouml;k legde de nadruk op het belang van zulke activiteiten en hoe zij bijdragen aan de gemeenschap.<\/p>\n<p>Daaropvolgend is het programma gestart met de seminarie van Onderzoekende geschiedkundige &Ouml;mer Faruk Yaldizkaya. Prof. Yaldizkaya is uitnodigd vanuit Turkije. Hij heeft het gehad de geschiedenis van Emirdag en de actuele situaties in Emirdag. Hij liet ook weten dat hij het moeilijk vond om over Emirdag te vertellen aan Emirdagnezen en dat geen enkel seminarie hem zo opgelucht heeft.<\/p>\n<p>Nadien heeft Arzu Emeksiz, ook een bestuurslid bij Gent Eyad, een emotionele gedicht gelezen over de migratie van de Turken.<\/p>\n<p>Achteraf hebben de politici Fatma Pehlivan, Veli Y&uuml;ksel, Resul Tapmaz, Fatima G&ouml;k&ccedil;e; vertegenwoordigers van TUB Hakan S&ouml;nmez, \u015eaban G&ouml;k; bestuursleden van verenigingen Muammer Say\u0131n, Hasan G&ouml;k, T&uuml;mer Emeksiz, Arzu Emeksiz, G&uuml;l Tetik, Emir Hakan Y&uuml;ceer, Ceylan Ta\u015fk\u0131n; journalisten \u015eerafet Y\u0131lmaz, Recep &Ccedil;\u0131r\u0131k, \u0130smail Sagun, Cihan &Ccedil;&ouml;l; en natuurlijk Prof. &Ouml;mer Faruk Yald\u0131zkaya en alle andere genodigden iets gedronken in de koffiezaal.<\/p>\n<p><strong><em>Foto&rsquo;s: <\/em><\/strong><em>Belemt&uuml;rkTV<\/em><\/p>\n<div class=\"span-8 last multi-image-container\">            <!-- image multi_lir --><\/p>\n<div class=\"span-2 multi-image-thumb\">    <a href=\"http:\/\/www.turkseunie.be\/uploads\/images\/14\/05\/07\/13\/34\/1405071334_0_5_435928\/140507133417_0_5_435928_o.jpg\" rel=\"prettyPhoto[pp-gallery]\"><img decoding=\"async\" src=\"http:\/\/www.turkseunie.be\/uploads\/images\/14\/05\/07\/13\/34\/1405071334_0_5_435928\/140507133417_0_5_435928_t.jpg\" alt=\"Turkse Unie\"><\/a><\/div>\n<p><!-- image multi_lir --><\/p>\n<div class=\"span-2 multi-image-thumb\">    <a href=\"http:\/\/www.turkseunie.be\/uploads\/images\/14\/05\/07\/13\/34\/1405071334_0_4_863280\/140507133414_0_4_863280_o.jpg\" rel=\"prettyPhoto[pp-gallery]\"><img decoding=\"async\" src=\"http:\/\/www.turkseunie.be\/uploads\/images\/14\/05\/07\/13\/34\/1405071334_0_4_863280\/140507133414_0_4_863280_t.jpg\" alt=\"Turkse Unie\"><\/a><\/div>\n<p><!-- image multi_lir --><\/p>\n<div class=\"span-2 multi-image-thumb\">    <a href=\"http:\/\/www.turkseunie.be\/uploads\/images\/14\/05\/07\/13\/34\/1405071334_0_3_560922\/140507133411_0_3_560922_o.jpg\" rel=\"prettyPhoto[pp-gallery]\"><img decoding=\"async\" src=\"http:\/\/www.turkseunie.be\/uploads\/images\/14\/05\/07\/13\/34\/1405071334_0_3_560922\/140507133411_0_3_560922_t.jpg\" alt=\"Turkse Unie\"><\/a><\/div>\n<p><!-- image multi_lir --><\/p>\n<div class=\"span-2 last multi-image-thumb\">    <a href=\"http:\/\/www.turkseunie.be\/uploads\/images\/14\/05\/07\/13\/34\/1405071334_0_2_427960\/140507133408_0_2_427960_o.jpg\" rel=\"prettyPhoto[pp-gallery]\"><img decoding=\"async\" src=\"http:\/\/www.turkseunie.be\/uploads\/images\/14\/05\/07\/13\/34\/1405071334_0_2_427960\/140507133408_0_2_427960_t.jpg\" alt=\"Turkse Unie\"><\/a><\/div>\n<\/p><\/div>\n","protected":false},"excerpt":{"rendered":"<p>Afgelopen zaterdag -3 mei 2014- heeft Gent Eyad een evenement georganiseerd in het kader van &ldquo;50 jaar migratie&rdquo;. De presentatrice van het evenement was G&uuml;l Tetik, journaliste bij Belemt&uuml;rkTV en bestuurslid bij Gent Eyad. Na het openingswoord van voorzitter Gent Eyad Muammer Sayin, kwam Schepen van Welzijn Resul Tapmaz aan het woord. Resul Tapmaz benadrukte [&hellip;]<\/p>\n","protected":false},"author":1,"featured_media":2263,"comment_status":"closed","ping_status":"closed","sticky":false,"template":"","format":"standard","meta":{"footnotes":""},"categories":[25,11,1,27,21],"tags":[],"post-meta-fields":{"_thumbnail_id":["2263"]},"_links":{"self":[{"href":"https:\/\/www.turkseunie.be\/official\/nl\/wp-json\/wp\/v2\/posts\/1432"}],"collection":[{"href":"https:\/\/www.turkseunie.be\/official\/nl\/wp-json\/wp\/v2\/posts"}],"about":[{"href":"https:\/\/www.turkseunie.be\/official\/nl\/wp-json\/wp\/v2\/types\/post"}],"author":[{"embeddable":true,"href":"https:\/\/www.turkseunie.be\/official\/nl\/wp-json\/wp\/v2\/users\/1"}],"replies":[{"embeddable":true,"href":"https:\/\/www.turkseunie.be\/official\/nl\/wp-json\/wp\/v2\/comments?post=1432"}],"version-history":[{"count":0,"href":"https:\/\/www.turkseunie.be\/official\/nl\/wp-json\/wp\/v2\/posts\/1432\/revisions"}],"wp:featuredmedia":[{"embeddable":true,"href":"https:\/\/www.turkseunie.be\/official\/nl\/wp-json\/wp\/v2\/media\/2263"}],"wp:attachment":[{"href":"https:\/\/www.turkseunie.be\/official\/nl\/wp-json\/wp\/v2\/media?parent=1432"}],"wp:term":[{"taxonomy":"category","embeddable":true,"href":"https:\/\/www.turkseunie.be\/official\/nl\/wp-json\/wp\/v2\/categories?post=1432"},{"taxonomy":"post_tag","embeddable":true,"href":"https:\/\/www.turkseunie.be\/official\/nl\/wp-json\/wp\/v2\/tags?post=1432"}],"curies":[{"name":"wp","href":"https:\/\/api.w.org\/{rel}","templated":true}]}}