{"id":1594,"date":"2016-02-10T22:35:42","date_gmt":"2016-02-10T22:35:42","guid":{"rendered":"http:\/\/turkseunie.be\/official\/?p=1594"},"modified":"2016-02-10T22:35:42","modified_gmt":"2016-02-10T22:35:42","slug":"partena-bilgilendirme-gunu","status":"publish","type":"post","link":"http:\/\/www.turkseunie.be\/official\/faaliyetlerimiz\/partena-bilgilendirme-gunu\/","title":{"rendered":"Partena bilgilendirme g\u00fcn\u00fc"},"content":{"rendered":"<p>7 \u015eubat 2016 Pazar g&uuml;n&uuml; Bel&ccedil;ika T&uuml;rk Dernekleri Birli\u011fi, Sohbet Derne\u011fi ile beraber ba\u011f\u0131ms\u0131z sigorta kurulu\u015fu Partena hakk\u0131nda BTDB Gent Lokali&rsquo;nde bilgilendirme toplant\u0131s\u0131 d&uuml;zenledi. BTDB &ccedil;al\u0131\u015fan\u0131 Hatice Karakaya konu\u015fmas\u0131nda &ldquo;Dar Gelirliler Projesi&rdquo;&nbsp; hakk\u0131nda bilgi verdi. Daha sonra Partena m&uuml;\u015fteri temsilcisi \u015e&uuml;kran &Ouml;zer Partena Sa\u011fl\u0131k Sigortas\u0131 hakk\u0131nda misafirlerini bilgilendirdi. Toplant\u0131dan memnun olan misafirlerimiz \u015e&uuml;kran &Ouml;zer&rsquo;den detayl\u0131 bilgi i&ccedil;in randevu ald\u0131.&nbsp;<\/p>\n<p>&nbsp;<\/p>\n<div class=\"span-8 last multi-image-container\">            <!-- image multi_lir --><\/p>\n<div class=\"span-2 multi-image-thumb\">    <a href=\"http:\/\/www.turkseunie.be\/uploads\/images\/16\/02\/10\/23\/28\/1602102328_0_3_267159\/160210232800_0_3_267159_o.jpg\" rel=\"prettyPhoto[pp-gallery]\"><img decoding=\"async\" src=\"http:\/\/www.turkseunie.be\/uploads\/images\/16\/02\/10\/23\/28\/1602102328_0_3_267159\/160210232800_0_3_267159_t.jpg\" alt=\"Turkse Unie\"><\/a><\/div>\n<p><!-- image multi_lir --><\/p>\n<div class=\"span-2 last multi-image-thumb\">    <a href=\"http:\/\/www.turkseunie.be\/uploads\/images\/16\/02\/10\/23\/27\/1602102327_0_1_265447\/160210232752_0_1_265447_o.jpg\" rel=\"prettyPhoto[pp-gallery]\"><img decoding=\"async\" src=\"http:\/\/www.turkseunie.be\/uploads\/images\/16\/02\/10\/23\/27\/1602102327_0_1_265447\/160210232752_0_1_265447_t.jpg\" alt=\"Turkse Unie\"><\/a><\/div>\n<\/p><\/div>\n","protected":false},"excerpt":{"rendered":"<p>7 \u015eubat 2016 Pazar g&uuml;n&uuml; Bel&ccedil;ika T&uuml;rk Dernekleri Birli\u011fi, Sohbet Derne\u011fi ile beraber ba\u011f\u0131ms\u0131z sigorta kurulu\u015fu Partena hakk\u0131nda BTDB Gent Lokali&rsquo;nde bilgilendirme toplant\u0131s\u0131 d&uuml;zenledi. BTDB &ccedil;al\u0131\u015fan\u0131 Hatice Karakaya konu\u015fmas\u0131nda &ldquo;Dar Gelirliler Projesi&rdquo;&nbsp; hakk\u0131nda bilgi verdi. Daha sonra Partena m&uuml;\u015fteri temsilcisi \u015e&uuml;kran &Ouml;zer Partena Sa\u011fl\u0131k Sigortas\u0131 hakk\u0131nda misafirlerini bilgilendirdi. Toplant\u0131dan memnun olan misafirlerimiz \u015e&uuml;kran &Ouml;zer&rsquo;den detayl\u0131 [&hellip;]<\/p>\n","protected":false},"author":1,"featured_media":2101,"comment_status":"closed","ping_status":"closed","sticky":false,"template":"","format":"standard","meta":{"footnotes":""},"categories":[25,11,1,27,21],"tags":[],"post-meta-fields":{"_thumbnail_id":["2101"]},"_links":{"self":[{"href":"http:\/\/www.turkseunie.be\/official\/wp-json\/wp\/v2\/posts\/1594"}],"collection":[{"href":"http:\/\/www.turkseunie.be\/official\/wp-json\/wp\/v2\/posts"}],"about":[{"href":"http:\/\/www.turkseunie.be\/official\/wp-json\/wp\/v2\/types\/post"}],"author":[{"embeddable":true,"href":"http:\/\/www.turkseunie.be\/official\/wp-json\/wp\/v2\/users\/1"}],"replies":[{"embeddable":true,"href":"http:\/\/www.turkseunie.be\/official\/wp-json\/wp\/v2\/comments?post=1594"}],"version-history":[{"count":0,"href":"http:\/\/www.turkseunie.be\/official\/wp-json\/wp\/v2\/posts\/1594\/revisions"}],"wp:featuredmedia":[{"embeddable":true,"href":"http:\/\/www.turkseunie.be\/official\/wp-json\/wp\/v2\/media\/2101"}],"wp:attachment":[{"href":"http:\/\/www.turkseunie.be\/official\/wp-json\/wp\/v2\/media?parent=1594"}],"wp:term":[{"taxonomy":"category","embeddable":true,"href":"http:\/\/www.turkseunie.be\/official\/wp-json\/wp\/v2\/categories?post=1594"},{"taxonomy":"post_tag","embeddable":true,"href":"http:\/\/www.turkseunie.be\/official\/wp-json\/wp\/v2\/tags?post=1594"}],"curies":[{"name":"wp","href":"https:\/\/api.w.org\/{rel}","templated":true}]}}