{"id":1561,"date":"2015-10-27T17:57:18","date_gmt":"2015-10-27T17:57:18","guid":{"rendered":"http:\/\/turkseunie.be\/official\/?p=1561"},"modified":"2015-10-27T17:57:18","modified_gmt":"2015-10-27T17:57:18","slug":"tiger-riff-muay-thai-spor-sayesinde-entegrasyon","status":"publish","type":"post","link":"http:\/\/www.turkseunie.be\/official\/dernek-faaliyetleri\/tiger-riff-muay-thai-spor-sayesinde-entegrasyon\/","title":{"rendered":"Tiger Riff Muay Thai &#8211; Spor sayesinde Entegrasyon"},"content":{"rendered":"<p>Mohamed Dardour profesyonel bir Thai boks&ouml;r&uuml;. Kendisinin Bel&ccedil;ika \u015fampiyonlu\u011fu bile var. Di\u011fer arkada\u015f\u0131 Abi El Khalfi ise d&uuml;nya thaiboks \u015fampiyonu. Mohamed sporun faydalar\u0131n\u0131 en iyi bilen ki\u015filerden biri ve sporun entegrasyon i&ccedil;in en g&uuml;zel ara&ccedil;lardan biri oldu\u011fu kan\u0131s\u0131nda. Bu y&uuml;zden de o ve arkada\u015flar\u0131 bilgilerini ve tecr&uuml;belerini ba\u015fkalar\u0131yla payla\u015f\u0131p, uyumlu bir topluma katk\u0131da bulunmak istiyorlar.<\/p>\n<p>Yak\u0131n bir zaman &ouml;nce Tiger Riff Muay Thai derne\u011fini kurdular ve \u015fimdi 25&rsquo;den fazla gen&ccedil; ya\u015fl\u0131 &uuml;yeleri oldu. Mohamed &ccedil;al\u0131\u015fmalar\u0131 hakk\u0131nda &ccedil;ok hevesli. Ama&ccedil;lar\u0131n\u0131 sordu\u011fumuzda bize anlatt\u0131klar\u0131:<\/p>\n<p>&ldquo;Derne\u011fimizin en &ouml;nemli ama&ccedil;lar\u0131ndan birisi Muay Thai sporunu Lommel ve &ccedil;evresindeki insanlara sevdirmek. Spor arac\u0131l\u0131\u011f\u0131yla &uuml;yelerimizin entegrasyonunu sa\u011flamak istiyoruz. Derserimizde &ouml;zellikle de\u011fi\u015fik k&ouml;kenlerden gelen gen&ccedil; &uuml;yelerimizin hayattab do\u011fru se&ccedil;enekler yapmas\u0131nda yard\u0131mc\u0131 olmak istiyoruz. Derslerimizle onlara disiplini &ouml;\u011fretip, onlarla &ccedil;ok ileti\u015fim kurup okul, spor gibi faydal\u0131 \u015feylerle ilgilenmelerini sa\u011flamak istiyoruz. Bu \u015fekilde &uuml;yelerimizin entegrasyona ve ki\u015fisel geli\u015fimlerine yard\u0131mda bulunuyoruz. \u0130nsanlar aras\u0131ndak\u0131 ili\u015fkileri g&uuml;&ccedil;lendirerek, &ccedil;ok k&uuml;lt&uuml;rlu bir toplum i&ccedil;inde bar\u0131\u015f i&ccedil;in &ccedil;al\u0131\u015f\u0131yoruz.<\/p>\n<p>Kul&uuml;b&uuml;m&uuml;z herkese a&ccedil;\u0131kt\u0131r. Bunu onlarda hissediyorlar ve bakt\u0131\u011f\u0131n\u0131z zaman kul&uuml;b&uuml;m&uuml;zde g&uuml;zel bir k&uuml;lt&uuml;rel kar\u0131\u015f\u0131m g&ouml;r&uuml;yorsunuz. &ldquo;<\/p>\n<p>Turk Dernekleri Birli\u011fi olarak Mohamed ve arkada\u015flar\u0131n\u0131n g&uuml;zel bir &ccedil;al\u0131\u015fma ba\u015flatt\u0131\u011f\u0131na biz ikna olduk. Bu kadar k&uuml;lt&uuml;r&uuml; bir araya getirip g&uuml;zel bir &ccedil;al\u0131\u015fma ba\u015flatt\u0131klar\u0131n\u0131 g&ouml;rmek bizim i&ccedil;in &ccedil;ok sevindirici.&nbsp;<\/p>\n<p>Tiger Riff Muay Thai kul&uuml;b&uuml;n&uuml;n dersleri Sal\u0131 ve Per\u015fembe ak\u015famlar\u0131 Lommel&rsquo;deki Soeverein spor salonunda d&uuml;zenlenmekte. Bilgi i&ccedil;in Mohamed Dardour&rsquo;la irtibata ge&ccedil;ebilirsiniz <a href=\"mailto:mako_rif@hotmail.com\">mako_rif@hotmail.com<\/a><\/p>\n<div class=\"span-8 last multi-image-container\">            <!-- image multi_lir --><\/p>\n<div class=\"span-2 multi-image-thumb\">    <a href=\"http:\/\/www.turkseunie.be\/uploads\/images\/15\/10\/27\/17\/27\/1510271727_0_7_491337\/151027172724_0_7_491337_o.jpg\" rel=\"prettyPhoto[pp-gallery]\"><img decoding=\"async\" src=\"http:\/\/www.turkseunie.be\/uploads\/images\/15\/10\/27\/17\/27\/1510271727_0_7_491337\/151027172724_0_7_491337_t.jpg\" alt=\"Turkse Unie\"><\/a><\/div>\n<p><!-- image multi_lir --><\/p>\n<div class=\"span-2 multi-image-thumb\">    <a href=\"http:\/\/www.turkseunie.be\/uploads\/images\/15\/10\/27\/17\/27\/1510271727_0_6_607180\/151027172723_0_6_607180_o.jpg\" rel=\"prettyPhoto[pp-gallery]\"><img decoding=\"async\" src=\"http:\/\/www.turkseunie.be\/uploads\/images\/15\/10\/27\/17\/27\/1510271727_0_6_607180\/151027172723_0_6_607180_t.jpg\" alt=\"Turkse Unie\"><\/a><\/div>\n<p><!-- image multi_lir --><\/p>\n<div class=\"span-2 multi-image-thumb\">    <a href=\"http:\/\/www.turkseunie.be\/uploads\/images\/15\/10\/27\/17\/27\/1510271727_0_3_657079\/151027172720_0_3_657079_o.jpg\" rel=\"prettyPhoto[pp-gallery]\"><img decoding=\"async\" src=\"http:\/\/www.turkseunie.be\/uploads\/images\/15\/10\/27\/17\/27\/1510271727_0_3_657079\/151027172720_0_3_657079_t.jpg\" alt=\"Turkse Unie\"><\/a><\/div>\n<p><!-- image multi_lir --><\/p>\n<div class=\"span-2 last multi-image-thumb\">    <a href=\"http:\/\/www.turkseunie.be\/uploads\/images\/15\/10\/27\/17\/27\/1510271727_0_4_059179\/151027172721_0_4_059179_o.jpg\" rel=\"prettyPhoto[pp-gallery]\"><img decoding=\"async\" src=\"http:\/\/www.turkseunie.be\/uploads\/images\/15\/10\/27\/17\/27\/1510271727_0_4_059179\/151027172721_0_4_059179_t.jpg\" alt=\"Turkse Unie\"><\/a><\/div>\n<p><!-- image multi_lir --><\/p>\n<div class=\"span-2 multi-image-thumb\">    <a href=\"http:\/\/www.turkseunie.be\/uploads\/images\/15\/10\/27\/17\/27\/1510271727_0_2_349794\/151027172718_0_2_349794_o.jpg\" rel=\"prettyPhoto[pp-gallery]\"><img decoding=\"async\" src=\"http:\/\/www.turkseunie.be\/uploads\/images\/15\/10\/27\/17\/27\/1510271727_0_2_349794\/151027172718_0_2_349794_t.jpg\" alt=\"Turkse Unie\"><\/a><\/div>\n<p><!-- image multi_lir --><\/p>\n<div class=\"span-2 last multi-image-thumb\">    <a href=\"http:\/\/www.turkseunie.be\/uploads\/images\/15\/10\/27\/17\/27\/1510271727_0_5_724743\/151027172723_0_5_724743_o.jpg\" rel=\"prettyPhoto[pp-gallery]\"><img decoding=\"async\" src=\"http:\/\/www.turkseunie.be\/uploads\/images\/15\/10\/27\/17\/27\/1510271727_0_5_724743\/151027172723_0_5_724743_t.jpg\" alt=\"Turkse Unie\"><\/a><\/div>\n<\/p><\/div>\n","protected":false},"excerpt":{"rendered":"<p>Mohamed Dardour profesyonel bir Thai boks&ouml;r&uuml;. Kendisinin Bel&ccedil;ika \u015fampiyonlu\u011fu bile var. Di\u011fer arkada\u015f\u0131 Abi El Khalfi ise d&uuml;nya thaiboks \u015fampiyonu. Mohamed sporun faydalar\u0131n\u0131 en iyi bilen ki\u015filerden biri ve sporun entegrasyon i&ccedil;in en g&uuml;zel ara&ccedil;lardan biri oldu\u011fu kan\u0131s\u0131nda. Bu y&uuml;zden de o ve arkada\u015flar\u0131 bilgilerini ve tecr&uuml;belerini ba\u015fkalar\u0131yla payla\u015f\u0131p, uyumlu bir topluma katk\u0131da bulunmak istiyorlar. [&hellip;]<\/p>\n","protected":false},"author":1,"featured_media":2134,"comment_status":"closed","ping_status":"closed","sticky":false,"template":"","format":"standard","meta":{"footnotes":""},"categories":[25,11,14,27,20],"tags":[],"post-meta-fields":{"_thumbnail_id":["2134"]},"_links":{"self":[{"href":"http:\/\/www.turkseunie.be\/official\/wp-json\/wp\/v2\/posts\/1561"}],"collection":[{"href":"http:\/\/www.turkseunie.be\/official\/wp-json\/wp\/v2\/posts"}],"about":[{"href":"http:\/\/www.turkseunie.be\/official\/wp-json\/wp\/v2\/types\/post"}],"author":[{"embeddable":true,"href":"http:\/\/www.turkseunie.be\/official\/wp-json\/wp\/v2\/users\/1"}],"replies":[{"embeddable":true,"href":"http:\/\/www.turkseunie.be\/official\/wp-json\/wp\/v2\/comments?post=1561"}],"version-history":[{"count":0,"href":"http:\/\/www.turkseunie.be\/official\/wp-json\/wp\/v2\/posts\/1561\/revisions"}],"wp:featuredmedia":[{"embeddable":true,"href":"http:\/\/www.turkseunie.be\/official\/wp-json\/wp\/v2\/media\/2134"}],"wp:attachment":[{"href":"http:\/\/www.turkseunie.be\/official\/wp-json\/wp\/v2\/media?parent=1561"}],"wp:term":[{"taxonomy":"category","embeddable":true,"href":"http:\/\/www.turkseunie.be\/official\/wp-json\/wp\/v2\/categories?post=1561"},{"taxonomy":"post_tag","embeddable":true,"href":"http:\/\/www.turkseunie.be\/official\/wp-json\/wp\/v2\/tags?post=1561"}],"curies":[{"name":"wp","href":"https:\/\/api.w.org\/{rel}","templated":true}]}}